{"id":41933,"date":"2026-01-17T00:36:25","date_gmt":"2026-01-16T23:36:25","guid":{"rendered":"https:\/\/mediavoxmagazine.it\/?p=41933"},"modified":"2026-01-17T00:37:25","modified_gmt":"2026-01-16T23:37:25","slug":"matta-omaggia-bocelli-il-ritratto-di-una-voce-che-diventa-luce","status":"publish","type":"post","link":"https:\/\/mediavoxmagazine.it\/?p=41933","title":{"rendered":"Matta omaggia Bocelli: il ritratto di una voce che diventa luce\u00a0"},"content":{"rendered":"\n<p class=\"wp-block-paragraph\"><mark style=\"background-color:#ffffff\" class=\"has-inline-color has-vivid-red-color\">Ci sono opere che si guardano e, poi, ce ne sono altre che si ascoltano!<\/mark><\/p>\n\n\n\n<p class=\"wp-block-paragraph\">Alcune parlano agli occhi, altre all\u2019anima\u2026 Perch\u00e9 non tutto ci\u00f2 che conta si vede, e non tutto ci\u00f2 che emoziona ha bisogno di essere spiegato. Esistono incontri silenziosi, sospesi, in cui il cuore comprende prima ancora dello sguardo. \u00c8 l\u00ec che nasce la vera arte! In questo spazio interiore e rarefatto si colloca il gesto dell\u2019artista serinese&nbsp;<strong>Sabino Matta<\/strong>, che ha donato al celebre tenore&nbsp;<strong>Andrea Bocelli<\/strong>&nbsp;un ritratto capace di andare oltre la materia, oltre il segno, oltre il colore. Un\u2019opera che non si limita a rappresentare, ma sceglie di ascoltare. In fondo, la sensibilit\u00e0 \u00e8 proprio questo: omaggiare l\u2019arte attraverso l\u2019arte!<\/p>\n\n\n\n<p class=\"wp-block-paragraph\">Riconoscere la grandezza non con le parole, ma con un gesto creativo. Rendere visibile ci\u00f2 che \u00e8 invisibile\u2026<\/p>\n\n\n\n<figure class=\"wp-block-image size-large\"><img loading=\"lazy\" decoding=\"async\" width=\"981\" height=\"1024\" src=\"https:\/\/mediavoxmagazine.it\/wp-content\/uploads\/2026\/01\/IMG_2998-981x1024.jpeg\" alt=\"\" class=\"wp-image-41934\" srcset=\"https:\/\/mediavoxmagazine.it\/wp-content\/uploads\/2026\/01\/IMG_2998-981x1024.jpeg 981w, https:\/\/mediavoxmagazine.it\/wp-content\/uploads\/2026\/01\/IMG_2998-288x300.jpeg 288w, https:\/\/mediavoxmagazine.it\/wp-content\/uploads\/2026\/01\/IMG_2998-768x801.jpeg 768w, https:\/\/mediavoxmagazine.it\/wp-content\/uploads\/2026\/01\/IMG_2998.jpeg 1200w\" sizes=\"auto, (max-width: 981px) 100vw, 981px\" \/><\/figure>\n\n\n\n<p class=\"wp-block-paragraph\">L\u2019opera nasce da un lungo dialogo intimo, da ore di studio, ricerca e dedizione assoluta. Non \u00e8 la riproduzione di un volto celebre, ma la traduzione pittorica di un\u2019essenza.&nbsp;<strong>Sabino Matta<\/strong>&nbsp;affida alla tela ci\u00f2 che la musica di&nbsp;<strong>Andrea Bocelli<\/strong>&nbsp;da anni affida al mondo: vibrazione, profondit\u00e0, verit\u00e0 emotiva.<\/p>\n\n\n\n<p class=\"wp-block-paragraph\"><em>\u00abEsistono momenti in cui l\u2019arte smette di appartenere all\u2019autore per iniziare a dialogare con il mondo\u00bb<\/em>, racconta l\u2019artista.<\/p>\n\n\n\n<p class=\"wp-block-paragraph\">Forse, \u00e8 in quell\u2019istante preciso che il quadro si emancipa, diventa ponte, diventa linguaggio universale. Ed \u00e8 ci\u00f2 che accade quando la pittura incontra una voce che ha attraversato generazioni, confini e culture, lasciando un\u2019impronta indelebile nell\u2019immaginario collettivo. Il riconoscimento pi\u00f9 alto arriva quando quell\u2019opera viene accolta nella collezione privata della famiglia&nbsp;<strong>Bocelli<\/strong>, non come semplice dono, ma come testimonianza viva di stima reciproca. Come segno tangibile di un incontro autentico tra due mondi che si riconoscono senza bisogno di spiegazioni.<\/p>\n\n\n\n<p class=\"wp-block-paragraph\">Qui la musica si fa colore\u2026 Qui il silenzio diventa luce\u2026 Qui l\u2019arte figurativa risponde al canto con la stessa intensit\u00e0 emotiva!<\/p>\n\n\n\n<figure class=\"wp-block-image size-large\"><img loading=\"lazy\" decoding=\"async\" width=\"986\" height=\"1024\" src=\"https:\/\/mediavoxmagazine.it\/wp-content\/uploads\/2026\/01\/IMG_2999-986x1024.jpeg\" alt=\"\" class=\"wp-image-41935\" srcset=\"https:\/\/mediavoxmagazine.it\/wp-content\/uploads\/2026\/01\/IMG_2999-986x1024.jpeg 986w, https:\/\/mediavoxmagazine.it\/wp-content\/uploads\/2026\/01\/IMG_2999-289x300.jpeg 289w, https:\/\/mediavoxmagazine.it\/wp-content\/uploads\/2026\/01\/IMG_2999-768x797.jpeg 768w, https:\/\/mediavoxmagazine.it\/wp-content\/uploads\/2026\/01\/IMG_2999.jpeg 1440w\" sizes=\"auto, (max-width: 986px) 100vw, 986px\" \/><\/figure>\n\n\n\n<p class=\"wp-block-paragraph\">Ci sono cose che si vedono con gli occhi\u2026 E poi, ce ne sono altre, che si vedono col cuore!<\/p>\n\n\n\n<p class=\"wp-block-paragraph\">Questo ritratto appartiene a entrambe le dimensioni. \u00c8 un atto di gratitudine, un gesto di rispetto, un tributo che racconta come l\u2019arte, quando \u00e8 vera, non abbia bisogno di clamore. Le basta essere sentita\u2026 E quando accade, resta per sempre.<\/p>\n","protected":false},"excerpt":{"rendered":"<div class=\"mh-excerpt\"><p>Ci sono opere che si guardano e, poi, ce ne sono altre che si ascoltano! Alcune parlano agli occhi, altre all\u2019anima\u2026 Perch\u00e9 non tutto ci\u00f2 <a class=\"mh-excerpt-more\" href=\"https:\/\/mediavoxmagazine.it\/?p=41933\" title=\"Matta omaggia Bocelli: il ritratto di una voce che diventa luce\u00a0\">[&#8230;]<\/a><\/p>\n<\/div>","protected":false},"author":60,"featured_media":41937,"comment_status":"closed","ping_status":"closed","sticky":false,"template":"","format":"standard","meta":{"footnotes":""},"categories":[16],"tags":[1174,1096],"class_list":["post-41933","post","type-post","status-publish","format-standard","has-post-thumbnail","hentry","category-cultura-e-arte","tag-andrea-bocelli","tag-sabino-matta"],"_links":{"self":[{"href":"https:\/\/mediavoxmagazine.it\/index.php?rest_route=\/wp\/v2\/posts\/41933","targetHints":{"allow":["GET"]}}],"collection":[{"href":"https:\/\/mediavoxmagazine.it\/index.php?rest_route=\/wp\/v2\/posts"}],"about":[{"href":"https:\/\/mediavoxmagazine.it\/index.php?rest_route=\/wp\/v2\/types\/post"}],"author":[{"embeddable":true,"href":"https:\/\/mediavoxmagazine.it\/index.php?rest_route=\/wp\/v2\/users\/60"}],"replies":[{"embeddable":true,"href":"https:\/\/mediavoxmagazine.it\/index.php?rest_route=%2Fwp%2Fv2%2Fcomments&post=41933"}],"version-history":[{"count":2,"href":"https:\/\/mediavoxmagazine.it\/index.php?rest_route=\/wp\/v2\/posts\/41933\/revisions"}],"predecessor-version":[{"id":41939,"href":"https:\/\/mediavoxmagazine.it\/index.php?rest_route=\/wp\/v2\/posts\/41933\/revisions\/41939"}],"wp:featuredmedia":[{"embeddable":true,"href":"https:\/\/mediavoxmagazine.it\/index.php?rest_route=\/wp\/v2\/media\/41937"}],"wp:attachment":[{"href":"https:\/\/mediavoxmagazine.it\/index.php?rest_route=%2Fwp%2Fv2%2Fmedia&parent=41933"}],"wp:term":[{"taxonomy":"category","embeddable":true,"href":"https:\/\/mediavoxmagazine.it\/index.php?rest_route=%2Fwp%2Fv2%2Fcategories&post=41933"},{"taxonomy":"post_tag","embeddable":true,"href":"https:\/\/mediavoxmagazine.it\/index.php?rest_route=%2Fwp%2Fv2%2Ftags&post=41933"}],"curies":[{"name":"wp","href":"https:\/\/api.w.org\/{rel}","templated":true}]}}