{"id":42221,"date":"2026-02-06T15:05:43","date_gmt":"2026-02-06T14:05:43","guid":{"rendered":"https:\/\/mediavoxmagazine.it\/?p=42221"},"modified":"2026-02-06T15:08:08","modified_gmt":"2026-02-06T14:08:08","slug":"verso-le-eccellenze-italiane-di-casa-sanremo-effedi-assicurazioni-letica-della-protezione-come-forma-di-visione","status":"publish","type":"post","link":"https:\/\/mediavoxmagazine.it\/?p=42221","title":{"rendered":"Verso le Eccellenze Italiane di Casa Sanremo: Effed\u00ec Assicurazioni, l\u2019etica della protezione come forma di visione"},"content":{"rendered":"\n<p class=\"wp-block-paragraph\">Ci sono professioni che richiedono competenza e altre che richiedono responsabilit\u00e0\u2026 Poi esistono percorsi che uniscono entrambe le dimensioni e le trasformano in metodo, stile, identit\u00e0. <strong>Effed\u00ec Assicurazioni<\/strong>, con sede in Piazza Marconi a Sarno, appartiene a quest\u2019ultima categoria: una realt\u00e0 che ha scelto di restituire valore e dignit\u00e0 alla consulenza assicurativa, sottraendola alla fretta, alle promesse facili, alle scorciatoie. A guidarla, i due soci <strong>Emilio Diodati<\/strong> e <strong>Francesco Franco<\/strong>, professionisti che hanno costruito il proprio cammino sulla solidit\u00e0 del tempo lungo, sull\u2019ascolto autentico e su una relazione con il cliente che non si esaurisce nella firma di un contratto, ma continua nella cura, nella presenza, nella chiarezza. In un settore spesso percepito come tecnico e distante, <strong>Effed\u00ec<\/strong> ha scelto di rimettere al centro la persona. Ogni polizza diventa cos\u00ec un atto di tutela consapevole, ogni consulenza un momento di responsabilit\u00e0 condivisa. \u00c8 questa coerenza, coltivata negli anni, a condurre oggi l\u2019agenzia verso un traguardo significativo: l\u2019ingresso tra le <strong>Eccellenze Italiane di Casa Sanremo 2026<\/strong>, riconoscimento che premia non solo il successo professionale, ma soprattutto l\u2019etica del lavoro.<\/p>\n\n\n\n<p class=\"wp-block-paragraph\"><strong>MediaVox Magazine<\/strong> ha intervistato <strong>Emilio Diodati<\/strong> per raccontare una storia che parla di rigore, visione e rispetto, dimostrando come anche nel mondo assicurativo l\u2019eccellenza possa assumere una forma profondamente umana.<\/p>\n\n\n\n<p class=\"wp-block-paragraph\"><strong><mark style=\"background-color:#ffffff\" class=\"has-inline-color has-luminous-vivid-orange-color\">L\u2019INTERVISTA<\/mark><\/strong><\/p>\n\n\n\n<p class=\"wp-block-paragraph\"><strong>La vostra \u00e8 una storia che attraversa oltre trent\u2019anni. Qual \u00e8 l\u2019identit\u00e0 che Effed\u00ec Assicurazioni ha costruito nel tempo? <\/strong>L\u2019identit\u00e0 di Effed\u00ec affonda le sue radici nel 1991, quando ho iniziato il mio percorso come consulente assicurativo individuale. Fin dall\u2019inizio ho sentito forte il peso \u2013 e il valore \u2013 della responsabilit\u00e0 verso chi si affidava a me. Nel 2008 l\u2019incontro professionale con Francesco Franco ha segnato una svolta importante: dalla fusione delle nostre esperienze \u00e8 nata Effed\u00ec Assicurazioni. Da quel momento siamo diventati agenti Zurich, strutturando l\u2019attivit\u00e0 come azienda, ma conservando l\u2019anima della consulenza: relazione, continuit\u00e0 e fiducia nel tempo.<\/p>\n\n\n\n<p class=\"wp-block-paragraph\"><strong>In un settore complesso come quello assicurativo, cosa distingue davvero il vostro modo di lavorare?<\/strong><em> <\/em><em>La trasparenza. \u00c8 il nostro principio fondante e non \u00e8 negoziabile. In questo mestiere la chiarezza \u00e8 un dovere etico, non un valore accessorio. Troppe volte si promette ci\u00f2 che non corrisponde alla realt\u00e0 e si sottovaluta l\u2019importanza di comprendere davvero le condizioni di una polizza. Il nostro compito \u00e8 spiegare, accompagnare, tradurre la competenza tecnica in tutela concreta. Il mio motto, \u201cscienza e coscienza\u201d, racchiude questa visione: conoscere a fondo ci\u00f2 che si propone e agire sempre con attenzione, rispetto e senso morale.<\/em><\/p>\n\n\n\n<p class=\"wp-block-paragraph\"><strong>Che cosa ha significato per Effed\u00ec l\u2019ingresso tra le Eccellenze Italiane di Casa Sanremo 2026? <\/strong><em>\u00c8 stata una sorpresa autentica, di quelle che arrivano quando non le cerchi. Quando il signor Giugliano ci ha comunicato la notizia, lo stupore \u00e8 stato grande. Questo riconoscimento rappresenta un privilegio e un motivo di orgoglio che va oltre la dimensione personale: \u00e8 la valorizzazione di un lavoro silenzioso, costante, fatto di presenza quotidiana e seriet\u00e0, condiviso con tutte le persone che negli anni hanno scelto di affidarsi a noi.<\/em><\/p>\n\n\n\n<p class=\"wp-block-paragraph\"><strong>Che cosa rappresenta Casa Sanremo nel vostro percorso professionale e umano<\/strong><strong><em>?<\/em><\/strong><em> <\/em><em>Casa Sanremo \u00e8 un luogo simbolico, prima ancora che una vetrina. \u00c8 uno spazio in cui le storie di chi lavora con coerenza e visione trovano ascolto e riconoscimento. Essere presenti come Eccellenza significa sentirsi parte di un racconto pi\u00f9 ampio, che celebra un\u2019Italia fatta di competenze, etica e impegno. Per noi \u00e8 la conferma che anche un\u2019agenzia assicurativa, se guidata da principi solidi, pu\u00f2 diventare esempio di qualit\u00e0 e affidabilit\u00e0 nel tempo.<\/em><\/p>\n\n\n\n<p class=\"wp-block-paragraph\"><\/p>\n","protected":false},"excerpt":{"rendered":"<div class=\"mh-excerpt\"><p>Ci sono professioni che richiedono competenza e altre che richiedono responsabilit\u00e0\u2026 Poi esistono percorsi che uniscono entrambe le dimensioni e le trasformano in metodo, stile, <a class=\"mh-excerpt-more\" href=\"https:\/\/mediavoxmagazine.it\/?p=42221\" title=\"Verso le Eccellenze Italiane di Casa Sanremo: Effed\u00ec Assicurazioni, l\u2019etica della protezione come forma di visione\">[&#8230;]<\/a><\/p>\n<\/div>","protected":false},"author":60,"featured_media":42224,"comment_status":"closed","ping_status":"closed","sticky":false,"template":"","format":"standard","meta":{"footnotes":""},"categories":[244],"tags":[84,1202,1203,1204],"class_list":["post-42221","post","type-post","status-publish","format-standard","has-post-thumbnail","hentry","category-speciale-sanremo","tag-casa-sanremo","tag-effedi-assicurazioni","tag-emilio-diodati","tag-francesco-franco"],"_links":{"self":[{"href":"https:\/\/mediavoxmagazine.it\/index.php?rest_route=\/wp\/v2\/posts\/42221","targetHints":{"allow":["GET"]}}],"collection":[{"href":"https:\/\/mediavoxmagazine.it\/index.php?rest_route=\/wp\/v2\/posts"}],"about":[{"href":"https:\/\/mediavoxmagazine.it\/index.php?rest_route=\/wp\/v2\/types\/post"}],"author":[{"embeddable":true,"href":"https:\/\/mediavoxmagazine.it\/index.php?rest_route=\/wp\/v2\/users\/60"}],"replies":[{"embeddable":true,"href":"https:\/\/mediavoxmagazine.it\/index.php?rest_route=%2Fwp%2Fv2%2Fcomments&post=42221"}],"version-history":[{"count":2,"href":"https:\/\/mediavoxmagazine.it\/index.php?rest_route=\/wp\/v2\/posts\/42221\/revisions"}],"predecessor-version":[{"id":42225,"href":"https:\/\/mediavoxmagazine.it\/index.php?rest_route=\/wp\/v2\/posts\/42221\/revisions\/42225"}],"wp:featuredmedia":[{"embeddable":true,"href":"https:\/\/mediavoxmagazine.it\/index.php?rest_route=\/wp\/v2\/media\/42224"}],"wp:attachment":[{"href":"https:\/\/mediavoxmagazine.it\/index.php?rest_route=%2Fwp%2Fv2%2Fmedia&parent=42221"}],"wp:term":[{"taxonomy":"category","embeddable":true,"href":"https:\/\/mediavoxmagazine.it\/index.php?rest_route=%2Fwp%2Fv2%2Fcategories&post=42221"},{"taxonomy":"post_tag","embeddable":true,"href":"https:\/\/mediavoxmagazine.it\/index.php?rest_route=%2Fwp%2Fv2%2Ftags&post=42221"}],"curies":[{"name":"wp","href":"https:\/\/api.w.org\/{rel}","templated":true}]}}