{"id":42245,"date":"2026-02-08T15:13:54","date_gmt":"2026-02-08T14:13:54","guid":{"rendered":"https:\/\/mediavoxmagazine.it\/?p=42245"},"modified":"2026-02-09T15:59:14","modified_gmt":"2026-02-09T14:59:14","slug":"verso-le-eccellenze-italiane-di-casa-sanremo-white-fest-il-festival-delloro-bianco-che-celebra-il-territorio-e-le-sue-prelibatezze","status":"publish","type":"post","link":"https:\/\/mediavoxmagazine.it\/?p=42245","title":{"rendered":"Verso le Eccellenze Italiane di Casa Sanremo: White Fest, il Festival dell\u2019Oro Bianco che celebra il territorio e le sue prelibatezze\u00a0"},"content":{"rendered":"\n<p class=\"wp-block-paragraph\"><strong>White Fest<\/strong>, noto anche come <strong><em>Festival dell\u2019Oro Bianco<\/em><\/strong>, ha celebrato nel 2025 la sua<strong> 47\u00aa edizione <\/strong>e, da oltre quarant\u2019anni \u00e8 una delle manifestazioni identitarie pi\u00f9 rappresentative della Campania felix. Ogni estate, nei primi giorni di agosto, <strong>Cancello ed Arnone<\/strong>, nel cuore della Terra della Mozzarella, diventa il palcoscenico di un evento che va ben oltre la dimensione festiva, trasformandosi in racconto collettivo, memoria produttiva e visione futura. Al centro del Festival c\u2019\u00e8 la <strong>Mozzarella di Bufala Campana Dop<\/strong>, emblema di un territorio e di una filiera storica che coinvolge allevatori, caseifici, istituzioni e mondo associativo. <strong>White Fest<\/strong> \u00e8 il punto d\u2019incontro tra gusto e cultura, tra tradizione e contemporaneit\u00e0, capace di unire degustazioni, spazi dedicati alla filiera bufalina, aree per le famiglie, spettacoli e intrattenimento in un format inclusivo e fortemente riconoscibile.<\/p>\n\n\n\n<figure class=\"wp-block-image size-large\"><img loading=\"lazy\" decoding=\"async\" width=\"1024\" height=\"866\" src=\"https:\/\/mediavoxmagazine.it\/wp-content\/uploads\/2026\/02\/IMG_3679-1024x866.jpeg\" alt=\"\" class=\"wp-image-42248\" srcset=\"https:\/\/mediavoxmagazine.it\/wp-content\/uploads\/2026\/02\/IMG_3679-1024x866.jpeg 1024w, https:\/\/mediavoxmagazine.it\/wp-content\/uploads\/2026\/02\/IMG_3679-300x254.jpeg 300w, https:\/\/mediavoxmagazine.it\/wp-content\/uploads\/2026\/02\/IMG_3679-768x649.jpeg 768w, https:\/\/mediavoxmagazine.it\/wp-content\/uploads\/2026\/02\/IMG_3679.jpeg 1179w\" sizes=\"auto, (max-width: 1024px) 100vw, 1024px\" \/><\/figure>\n\n\n\n<p class=\"wp-block-paragraph\">Determinante, nel corso degli anni, \u00e8 stato il lavoro sinergico tra il <strong>Comune di Cancello ed Arnone <\/strong>e<strong> la Pro Loco<\/strong>, che insieme hanno saputo trasformare <strong>White Fest<\/strong> in una vera piattaforma di promozione territoriale. Un impegno condiviso che valorizza le eccellenze locali, rafforza il senso di comunit\u00e0 e proietta il territorio su scenari nazionali, attraverso una visione unitaria e partecipata. Nel 2026, mentre \u00e8 gi\u00e0 in piena fase di preparazione la <strong>48\u00aa edizione <\/strong>del Festival, questo percorso trova una consacrazione significativa: <strong>White Fest <\/strong>approda a <strong>Casa Sanremo <\/strong>in qualit\u00e0 di <strong>Eccellenza Italiana<\/strong>, portando con s\u00e9 un racconto fatto di identit\u00e0, qualit\u00e0 e radici. La presenza si tradurr\u00e0 in un aperitivo dedicato ai sapori del territorio, con il coinvolgimento di alcuni tra i pi\u00f9 rappresentativi caseifici della tradizione campana casertana: <strong>Palato Bufalino<\/strong>, <strong>La Regina dei Mazzoni<\/strong>, <strong>Caseificio D\u2019Angelo<\/strong> e <strong>Caseificio Agnena<\/strong>. Un\u2019esperienza sensoriale che unisce gusto e storie di filiera, parlando al pubblico di <strong>Casa Sanremo<\/strong> con autenticit\u00e0 e profondit\u00e0.<\/p>\n\n\n\n<p class=\"wp-block-paragraph\"><strong><mark style=\"background-color:#ffffff\" class=\"has-inline-color has-luminous-vivid-orange-color\">L\u2019INTERVISTA<\/mark><\/strong><\/p>\n\n\n\n<p class=\"wp-block-paragraph\"><strong>Due domande al Sindaco Raffaele Ambrosca<\/strong><\/p>\n\n\n\n<p class=\"wp-block-paragraph\"><strong>White Fest \u00e8 oggi riconosciuto come uno degli appuntamenti pi\u00f9 rappresentativi del territorio. Qual \u00e8 il valore istituzionale di questa manifestazione per Cancello ed Arnone?<\/strong><em> <\/em><em>White Fest rappresenta una sintesi autentica tra identit\u00e0, tradizione e visione. Per l\u2019Amministrazione comunale non \u00e8 soltanto un evento, ma un progetto culturale capace di raccontare Cancello ed Arnone attraverso ci\u00f2 che meglio ne esprime l\u2019anima: la filiera bufalina, il lavoro quotidiano dei produttori, la qualit\u00e0 riconosciuta della Mozzarella di Bufala Campana Dop. \u00c8 un\u2019occasione di coesione sociale e di promozione territoriale che rafforza il senso di appartenenza e rende il nostro Comune protagonista di una narrazione positiva e contemporanea.<\/em><\/p>\n\n\n\n<p class=\"wp-block-paragraph\"><strong>Quanto \u00e8 stata determinante la collaborazione con la Pro Loco nel trasformare il Festival in un progetto strutturato e riconosciuto a livello nazionale<\/strong><em><strong>? <\/strong><\/em><em>La collaborazione con la Pro Loco \u00e8 stata determinante e rappresenta un esempio concreto di buona amministrazione condivisa. Quando istituzioni e associazioni lavorano in piena sinergia, i risultati diventano solidi e duraturi. White Fest \u00e8 cresciuto grazie a una visione comune, fatta di ascolto, programmazione e rispetto delle competenze, riuscendo cos\u00ec a evolversi senza perdere il proprio legame con il territorio.<\/em><\/p>\n\n\n\n<p class=\"wp-block-paragraph\"><strong>Due domande al Presidente della Pro Loco Federico Conte<\/strong><\/p>\n\n\n\n<p class=\"wp-block-paragraph\"><strong>White Fest nasce dal territorio e per il territorio. Qual \u00e8 stato il contributo della Pro Loco nel suo percorso di crescita?<\/strong><em> <\/em><em>La Pro Loco ha sempre considerato White Fest come un patrimonio collettivo. Creare uno storico di ben 47 edizioni e mantenerne alto il livello non \u00e8 cosa semplice. Il nostro contributo \u00e8 stato quello di custodirne l\u2019identit\u00e0, lavorando affinch\u00e9 il Festival fosse prima di tutto un racconto autentico fatto di persone, tradizioni e saperi. Oggi, mentre ci avviciniamo alla 48\u00aa edizione, questa responsabilit\u00e0 si rinnova, con l\u2019obiettivo di proseguire un percorso che guarda al futuro senza perdere il legame profondo con le proprie radici. Abbiamo cercato di costruire un\u2019esperienza capace di accogliere famiglie, visitatori e operatori del settore, mettendo al centro la qualit\u00e0 e il valore umano della filiera.<\/em><\/p>\n\n\n\n<p class=\"wp-block-paragraph\"><strong>In che modo il Festival riesce oggi a coniugare tradizione e contemporaneit\u00e0, parlando a pubblici diversi?<\/strong><em> <\/em><em>White Fest riesce a dialogare con pubblici diversi perch\u00e9 non rinuncia alla propria storia, ma la racconta con linguaggi attuali. Accanto alla tradizione trovano spazio l\u2019intrattenimento, la divulgazione, i momenti culturali e le esperienze sensoriali. \u00c8 questo equilibrio che consente al Festival di essere inclusivo, dinamico e sempre riconoscibile, senza mai perdere autenticit\u00e0.<\/em><\/p>\n\n\n\n<p class=\"wp-block-paragraph\"><strong>Una domanda in comune&nbsp;<\/strong><\/p>\n\n\n\n<p class=\"wp-block-paragraph\"><strong>White Fest approda a Casa Sanremo 2026 come Eccellenza Italiana: che significato ha, per voi, portare il racconto del territorio in una vetrina culturale di rilevanza nazionale<\/strong><em><strong>? <\/strong><\/em><em>Casa Sanremo rappresenta un traguardo importante e, allo stesso tempo, una nuova responsabilit\u00e0. Portare White Fest in un contesto di tale prestigio significa raccontare un territorio che ha scelto di fare squadra, investendo sulla qualit\u00e0 e sulla propria identit\u00e0. \u00c8 un\u2019occasione per condividere una storia fatta di lavoro, passione e visione, dimostrando che le eccellenze nascono dal radicamento e crescono attraverso la collaborazione.<\/em><\/p>\n\n\n\n<p class=\"wp-block-paragraph\"><\/p>\n","protected":false},"excerpt":{"rendered":"<div class=\"mh-excerpt\"><p>White Fest, noto anche come Festival dell\u2019Oro Bianco, ha celebrato nel 2025 la sua 47\u00aa edizione e, da oltre quarant\u2019anni \u00e8 una delle manifestazioni identitarie <a class=\"mh-excerpt-more\" href=\"https:\/\/mediavoxmagazine.it\/?p=42245\" title=\"Verso le Eccellenze Italiane di Casa Sanremo: White Fest, il Festival dell\u2019Oro Bianco che celebra il territorio e le sue prelibatezze\u00a0\">[&#8230;]<\/a><\/p>\n<\/div>","protected":false},"author":60,"featured_media":42246,"comment_status":"closed","ping_status":"closed","sticky":false,"template":"","format":"standard","meta":{"footnotes":""},"categories":[244],"tags":[1007,84,967],"class_list":["post-42245","post","type-post","status-publish","format-standard","has-post-thumbnail","hentry","category-speciale-sanremo","tag-cancello-ed-arnone","tag-casa-sanremo","tag-white-fest"],"_links":{"self":[{"href":"https:\/\/mediavoxmagazine.it\/index.php?rest_route=\/wp\/v2\/posts\/42245","targetHints":{"allow":["GET"]}}],"collection":[{"href":"https:\/\/mediavoxmagazine.it\/index.php?rest_route=\/wp\/v2\/posts"}],"about":[{"href":"https:\/\/mediavoxmagazine.it\/index.php?rest_route=\/wp\/v2\/types\/post"}],"author":[{"embeddable":true,"href":"https:\/\/mediavoxmagazine.it\/index.php?rest_route=\/wp\/v2\/users\/60"}],"replies":[{"embeddable":true,"href":"https:\/\/mediavoxmagazine.it\/index.php?rest_route=%2Fwp%2Fv2%2Fcomments&post=42245"}],"version-history":[{"count":4,"href":"https:\/\/mediavoxmagazine.it\/index.php?rest_route=\/wp\/v2\/posts\/42245\/revisions"}],"predecessor-version":[{"id":42257,"href":"https:\/\/mediavoxmagazine.it\/index.php?rest_route=\/wp\/v2\/posts\/42245\/revisions\/42257"}],"wp:featuredmedia":[{"embeddable":true,"href":"https:\/\/mediavoxmagazine.it\/index.php?rest_route=\/wp\/v2\/media\/42246"}],"wp:attachment":[{"href":"https:\/\/mediavoxmagazine.it\/index.php?rest_route=%2Fwp%2Fv2%2Fmedia&parent=42245"}],"wp:term":[{"taxonomy":"category","embeddable":true,"href":"https:\/\/mediavoxmagazine.it\/index.php?rest_route=%2Fwp%2Fv2%2Fcategories&post=42245"},{"taxonomy":"post_tag","embeddable":true,"href":"https:\/\/mediavoxmagazine.it\/index.php?rest_route=%2Fwp%2Fv2%2Ftags&post=42245"}],"curies":[{"name":"wp","href":"https:\/\/api.w.org\/{rel}","templated":true}]}}