{"id":42278,"date":"2026-02-12T17:49:17","date_gmt":"2026-02-12T16:49:17","guid":{"rendered":"https:\/\/mediavoxmagazine.it\/?p=42278"},"modified":"2026-02-12T17:49:17","modified_gmt":"2026-02-12T16:49:17","slug":"ambasciator-porta-seme","status":"publish","type":"post","link":"https:\/\/mediavoxmagazine.it\/?p=42278","title":{"rendered":"Ambasciator Porta Seme"},"content":{"rendered":"\n<p class=\"wp-block-paragraph\"><strong><mark style=\"background-color:#ffffff\" class=\"has-inline-color has-vivid-red-color\">La gentilezza come visione, la visione come speranza<\/mark><\/strong><\/p>\n\n\n\n<p class=\"wp-block-paragraph\">Ci sono libri che raccontano il presente\u2026 E poi ce ne sono altri, pi\u00f9 rari, che anticipano il futuro!<\/p>\n\n\n\n<figure class=\"wp-block-image size-full\"><img loading=\"lazy\" decoding=\"async\" width=\"755\" height=\"548\" src=\"https:\/\/mediavoxmagazine.it\/wp-content\/uploads\/2026\/02\/f09eba20-d3f8-443a-8afd-2314971d9f2a.jpeg\" alt=\"\" class=\"wp-image-42279\" srcset=\"https:\/\/mediavoxmagazine.it\/wp-content\/uploads\/2026\/02\/f09eba20-d3f8-443a-8afd-2314971d9f2a.jpeg 755w, https:\/\/mediavoxmagazine.it\/wp-content\/uploads\/2026\/02\/f09eba20-d3f8-443a-8afd-2314971d9f2a-300x218.jpeg 300w\" sizes=\"auto, (max-width: 755px) 100vw, 755px\" \/><\/figure>\n\n\n\n<p class=\"wp-block-paragraph\"><strong>Ambasciator Porta Seme<\/strong>, edito da&nbsp;<strong>Casa Sanremo Edizioni<\/strong>, nasce come un atto di responsabilit\u00e0 civile e poetica insieme. Un libro che non si limita a parlare di gentilezza, ma la incarna, la rende visibile, praticabile, contagiosa. Qui la gentilezza non \u00e8 un sentimento fragile, ma una scelta consapevole, una postura etica, una forma di azione che attraversa le persone, i luoghi, le comunit\u00e0.<\/p>\n\n\n\n<p class=\"wp-block-paragraph\">Questa visione prende corpo grazie ad&nbsp;<strong>Anna Vitiello<\/strong>, ambasciatrice della gentilezza, anima e voce del progetto.&nbsp;<strong>Anna Vitiello<\/strong>&nbsp;non scrive semplicemente di gentilezza: la vive, la pratica, la semina. La sua \u00e8 una presenza costante, fatta di ascolto autentico, di gesti concreti, di parole che non cercano consenso ma verit\u00e0. In ogni pagina si avverte la sua azione silenziosa e determinata, capace di trasformare l\u2019idea di gentilezza in movimento reale, in percorso condiviso, in responsabilit\u00e0 collettiva.<\/p>\n\n\n\n<p class=\"wp-block-paragraph\">Il libro si muove come un grande racconto corale, un \u201cnoi\u201d che prende forma attraverso esperienze vere, voci istituzionali e testimonianze civili che dimostrano come la gentilezza sia gi\u00e0 all\u2019opera, anche dove sembra essersi spenta. Non un\u2019utopia lontana, ma una pratica quotidiana che rigenera legami e restituisce senso all\u2019abitare comune.<\/p>\n\n\n\n<p class=\"wp-block-paragraph\">Al centro di questo viaggio simbolico c\u2019\u00e8&nbsp;<strong>Lorena<\/strong>, bambina e guida, che prende per mano l\u2019adulto e ribalta lo sguardo. \u00c8 attraverso di lei che il libro compie il suo gesto pi\u00f9 radicale: chiedere di ascoltare i bambini, perch\u00e9 nel loro sguardo risiede una domanda limpida di futuro, di giustizia, di umanit\u00e0. Non un futuro da immaginare, ma da costruire ora.<\/p>\n\n\n\n<p class=\"wp-block-paragraph\">I murales gentili diventano segni visibili di questa trasformazione. Pareti che smettono di essere confini e diventano messaggi, ferite urbane che si aprono alla luce. L\u2019arte, qui, non \u00e8 decorazione: \u00e8 rigenerazione umana, \u00e8 possibilit\u00e0 che prende colore, \u00e8 comunit\u00e0 che si riconosce e rinasce.<\/p>\n\n\n\n<p class=\"wp-block-paragraph\">Centrale \u00e8 anche la gratitudine, intesa come atto rivoluzionario. Ringraziare significa riconoscere, e riconoscere significa restituire dignit\u00e0. Da questo gesto nasce il dono, e dal dono nasce il cambiamento. Ogni esempio raccontato dimostra che anche il gesto pi\u00f9 semplice, se autentico, pu\u00f2 accendere fiducia e generare speranza.<\/p>\n\n\n\n<p class=\"wp-block-paragraph\">Il libro si chiude con un\u2019immagine potente e delicata insieme:&nbsp;<strong>Lorena<\/strong>&nbsp;che soffia cuori come semi. Li affida al vento, senza sapere dove cadranno. \u00c8 in quel soffio che vive il senso pi\u00f9 profondo di&nbsp;<strong>Ambasciator Porta Seme<\/strong>: seminare luce, anche quando non si vede ancora il raccolto.<\/p>\n\n\n\n<p class=\"wp-block-paragraph\">Grazie alla visione di\u00a0<strong>Anna Vitiello<\/strong>, alla forza collettiva delle voci coinvolte e al sigillo culturale di\u00a0<strong>Casa Sanremo Edizioni<\/strong>, questo libro diventa una promessa mantenuta: dimostrare che la gentilezza non \u00e8 debolezza, ma forza che costruisce futuro\u2026 Perch\u00e9 la speranza non arriva da sola! La speranza si porta\u2026 E qualcuno deve avere il coraggio di essere, davvero,\u00a0<strong>Ambasciatore di semi<\/strong>.<\/p>\n\n\n\n<p class=\"wp-block-paragraph\"><\/p>\n","protected":false},"excerpt":{"rendered":"<div class=\"mh-excerpt\"><p>La gentilezza come visione, la visione come speranza Ci sono libri che raccontano il presente\u2026 E poi ce ne sono altri, pi\u00f9 rari, che anticipano <a class=\"mh-excerpt-more\" href=\"https:\/\/mediavoxmagazine.it\/?p=42278\" title=\"Ambasciator Porta Seme\">[&#8230;]<\/a><\/p>\n<\/div>","protected":false},"author":60,"featured_media":0,"comment_status":"closed","ping_status":"closed","sticky":false,"template":"","format":"standard","meta":{"footnotes":""},"categories":[16],"tags":[1215,983,1016],"class_list":["post-42278","post","type-post","status-publish","format-standard","hentry","category-cultura-e-arte","tag-ambasciator-porta-seme","tag-anna-vitiello","tag-costruiamo-gentilezza"],"_links":{"self":[{"href":"https:\/\/mediavoxmagazine.it\/index.php?rest_route=\/wp\/v2\/posts\/42278","targetHints":{"allow":["GET"]}}],"collection":[{"href":"https:\/\/mediavoxmagazine.it\/index.php?rest_route=\/wp\/v2\/posts"}],"about":[{"href":"https:\/\/mediavoxmagazine.it\/index.php?rest_route=\/wp\/v2\/types\/post"}],"author":[{"embeddable":true,"href":"https:\/\/mediavoxmagazine.it\/index.php?rest_route=\/wp\/v2\/users\/60"}],"replies":[{"embeddable":true,"href":"https:\/\/mediavoxmagazine.it\/index.php?rest_route=%2Fwp%2Fv2%2Fcomments&post=42278"}],"version-history":[{"count":1,"href":"https:\/\/mediavoxmagazine.it\/index.php?rest_route=\/wp\/v2\/posts\/42278\/revisions"}],"predecessor-version":[{"id":42280,"href":"https:\/\/mediavoxmagazine.it\/index.php?rest_route=\/wp\/v2\/posts\/42278\/revisions\/42280"}],"wp:attachment":[{"href":"https:\/\/mediavoxmagazine.it\/index.php?rest_route=%2Fwp%2Fv2%2Fmedia&parent=42278"}],"wp:term":[{"taxonomy":"category","embeddable":true,"href":"https:\/\/mediavoxmagazine.it\/index.php?rest_route=%2Fwp%2Fv2%2Fcategories&post=42278"},{"taxonomy":"post_tag","embeddable":true,"href":"https:\/\/mediavoxmagazine.it\/index.php?rest_route=%2Fwp%2Fv2%2Ftags&post=42278"}],"curies":[{"name":"wp","href":"https:\/\/api.w.org\/{rel}","templated":true}]}}