{"id":42290,"date":"2026-02-14T14:32:43","date_gmt":"2026-02-14T13:32:43","guid":{"rendered":"https:\/\/mediavoxmagazine.it\/?p=42290"},"modified":"2026-02-14T17:33:58","modified_gmt":"2026-02-14T16:33:58","slug":"casa-sanremo-2026-diciannovesima-edizione","status":"publish","type":"post","link":"https:\/\/mediavoxmagazine.it\/?p=42290","title":{"rendered":"Casa Sanremo 2026 \u2013 Diciannovesima Edizione"},"content":{"rendered":"\n<p class=\"wp-block-paragraph\"><strong><em><mark style=\"background-color:#ffffff\" class=\"has-inline-color has-vivid-red-color\">Casa Sanremo TV e Radio Casa Sanremo<\/mark><\/em><\/strong> <strong><em><mark style=\"background-color:#ffffff\" class=\"has-inline-color has-vivid-red-color\">in diretta sul digitale terrestre al canale 254 su Smart Tv e sull\u2019App&nbsp;<\/mark><\/em><\/strong><\/p>\n\n\n\n<p class=\"wp-block-paragraph\"><strong><em>Sanremo (IM), 14 febbraio 2026<\/em><\/strong>&nbsp;\u2013 Si alza il sipario sulla diciannovesima edizione di&nbsp;<strong>Casa Sanremo Chateau d\u2019Ax<\/strong>, nel <strong>PALAITALIA ENIT<\/strong>, l&#8217;hub interattivo ideato e realizzato da Gruppo Eventi che, dal 14 al 28 febbraio 2026, si trasformer\u00e0 nel centro nevralgico della comunicazione collaterale alla 76\u00aa edizione del Festival della Canzone Italiana. Un\u2019edizione estesa a 15 giorni di programmazione, inaugurata sabato 14 febbraio alle ore 18:00 con il tradizionale taglio del nastro, simbolicamente fissato nel giorno di San Valentino.<\/p>\n\n\n\n<p class=\"wp-block-paragraph\"><em>\u00abCelebriamo 19 anni di storia con un\u2019edizione che guarda al futuro\u00bb<\/em>: dichiara&nbsp;<strong>Vincenzo Russolillo<\/strong>, fondatore di Casa Sanremo, aggiungendo:<em>&nbsp;\u00abIl nostro obiettivo \u00e8 offrire un programma integrato a quello della Rai e della Citt\u00e0 di Sanremo, creando un luogo di confronto che parli alle istituzioni cos\u00ec come alle nuove generazioni attraverso i linguaggi della sostenibilit\u00e0 e dell\u2019inclusione. \u00c8 per noi un privilegio continuare a integrare la nostra offerta con quella, gi\u00e0 straordinaria, della Rai e della Citt\u00e0 di Sanremo, in un percorso ideale e concreto che si estende ben oltre il perimetro dello storico Teatro Ariston. Anche quest\u2019anno Casa Sanremo terr\u00e0 aperte le sue porte per 15 giorni, senza soste, con un programma sempre pi\u00f9 ricco e inclusivo, pensato per gli addetti ai lavori, per gli ospiti e per il grande pubblico delle famiglie e dei giovanissimi. Abbiamo ampliato e rinnovato l\u2019Underground con nuovi spazi dedicati alla musica emergente e alla creativit\u00e0, e siamo finalmente con Casa Sanremo TV e Radio Casa Sanremo sul digitale terrestre in tutta Italia, sul canale 254 tramite Smart TV.\u00bb<\/em><\/p>\n\n\n\n<p class=\"wp-block-paragraph\"><strong>UN HUB ISTITUZIONALE E SOCIALE<\/strong><\/p>\n\n\n\n<p class=\"wp-block-paragraph\"><strong>Quest&#8217;anno Casa Sanremo rafforza la sua vocazione istituzionale ospitando una serie di appuntamenti tematici:<\/strong><\/p>\n\n\n\n<p class=\"wp-block-paragraph\"><strong>\u25cf Presenza del Ministero della Salute: evento Istituzionale il 25 febbraio 2026.<\/strong><\/p>\n\n\n\n<p class=\"wp-block-paragraph\">\u25cf Presenza del&nbsp;<strong>Ministro della Disabilit\u00e0<\/strong>, di concerto con il&nbsp;<strong>MEI<\/strong>: incontro per il&nbsp;<strong>23 febbraio<\/strong>&nbsp;<strong>2026<\/strong>. Evento di grande rilievo dedicato all\u2019inclusivit\u00e0, dedicato a un tema innovativo e cruciale per il futuro dell\u2019industria musicale: la professionalizzazione degli artisti con disabilit\u00e0 nello spettacolo.&nbsp;<\/p>\n\n\n\n<p class=\"wp-block-paragraph\">\u25cf Grande rilievo sar\u00e0 dato ai&nbsp;<strong>temi della legalit\u00e0 e della lotta alle mafie<\/strong>.<\/p>\n\n\n\n<p class=\"wp-block-paragraph\">Il&nbsp;<strong>24 febbraio 2026<\/strong>, appuntamento con \u201c<strong>Musica contro le mafie<\/strong>\u201d.<\/p>\n\n\n\n<p class=\"wp-block-paragraph\">Durante la giornata del<strong>&nbsp;27 febbraio 2026<\/strong>, spazio ai progetti di \u201c<strong>Legality NextGen<\/strong>\u201d. Tra gli ospiti annunciati: il giornalista&nbsp;<strong>Peter Gomez<\/strong>, direttore de ilfattoquotidiano.it; i procuratori della Repubblica&nbsp;<strong>Nicola Gratteri<\/strong>&nbsp;(Procuratore presso il Tribunale di Napoli),&nbsp;<strong>Domenico Guarascio<\/strong> (Procuratore presso il Tribunale di Crotone),&nbsp;<strong>Cesare Parodi&nbsp;<\/strong>(presidente dell\u2019ANM e procuratore della Repubblica presso il Tribunale di Alessandria), il procuratore aggiunto presso il Tribunale di Bari&nbsp;<strong>Ciro Angelillis<\/strong>&nbsp;e il sostituto procuratoredirezione distrettuale antimafia di Catanzaro&nbsp;<strong>Annamaria Frustaci<\/strong>. Accanto a loro: la prima presidente emerita della Corte di Cassazione&nbsp;<strong>Margherita Cassano<\/strong>, lo scrittore e opinionista&nbsp;<strong>Alessandro Di Battista<\/strong>&nbsp;e i giornalisti&nbsp;<strong>Paolo Di Giannantonio<\/strong>, gi\u00e0 anchorman del Tg1, e&nbsp;<strong>Sigfrido Ranucci<\/strong>, conduttore di \u201cReport\u201d su Rai3. A moderare gli incontri Roberto de Candia e Grazia Serra.<\/p>\n\n\n\n<p class=\"wp-block-paragraph\">Sempre per il<strong>&nbsp;27 febbraio 2026<\/strong>, previsto \u201c<strong>Lezione di Mafia<\/strong>\u201d, format con<strong>&nbsp;Nicola Gratteri&nbsp;<\/strong>e&nbsp;<strong>Paolo Giannantonio<\/strong>.<\/p>\n\n\n\n<p class=\"wp-block-paragraph\">\u25cf&nbsp;<strong>Sociale e Solidariet\u00e0:<\/strong>&nbsp;rinnovate le collaborazioni con&nbsp;<strong>Caritas Italiana, Save the Children, UNICEF<\/strong>,&nbsp;<strong>Legambiente<\/strong>&nbsp;e&nbsp;<strong>Musica contro le Mafie<\/strong>&nbsp;che porteranno al centro del dibattito i temi della tutela dei minori e del contrasto alle povert\u00e0 educative.<\/p>\n\n\n\n<p class=\"wp-block-paragraph\">\u25cf&nbsp;<strong>Educazione Digitale:<\/strong>&nbsp;in collaborazione con la&nbsp;<strong>Polizia di Stato<\/strong>, torna il format &#8220;<strong>Una vita da Social<\/strong>&#8220;, per sensibilizzare i giovani sull&#8217;uso consapevole della rete.<\/p>\n\n\n\n<p class=\"wp-block-paragraph\">\u25cf Anche questa edizione conter\u00e0 sulla presenza di&nbsp;<strong>Radio Immaginaria<\/strong>&nbsp;e della&nbsp;<strong>Giuria di adolescenti<\/strong>che stiler\u00e0 la sua consueta classifica grazie al voto di pi\u00f9 di 500 ragazzi in tutta Italia.<\/p>\n\n\n\n<p class=\"wp-block-paragraph\"><strong>PARTNERSHIP RAI&nbsp;<\/strong><\/p>\n\n\n\n<p class=\"wp-block-paragraph\">Il legame con il Servizio Pubblico si consolida ulteriormente: presenti a Casa Sanremo&nbsp;<strong>Rai Radio1, RaiPlay Sound, Rai Pubblicit\u00e0, Rai Radio tutta italiana, Rai Live Napoli, No Name Radio, RaiNews24, RaiNews.it, Rai Play, Rai Libri, Rai Com, Rai Italia, Rai Italy e TG2 Italia Europa<\/strong>.&nbsp;<\/p>\n\n\n\n<p class=\"wp-block-paragraph\">Quest\u2019anno, l\u2019atteso \u201c<strong>Benvenuto alla stampa<\/strong>\u201d targato Rai, previsto per il 22 febbraio, si terr\u00e0 a Casa Sanremo Chateau d\u2019Ax.&nbsp;<\/p>\n\n\n\n<p class=\"wp-block-paragraph\"><strong>NUMERI E INNOVAZIONE DIGITALE<\/strong><\/p>\n\n\n\n<p class=\"wp-block-paragraph\">Con oltre&nbsp;<strong>100 partner<\/strong>&nbsp;e un fitto calendario di talk, showcase e premiazioni, Casa Sanremo Chateau d\u2019Ax si trasforma in una media factory h24. L\u2019edizione 2026 punta con decisione sulla multicanalit\u00e0: i contenuti saranno fruibili ovunque grazie a&nbsp;<strong>Casa Sanremo TV e Radio Casa Sanremo<\/strong>, disponibili sul digitale terrestre (canale 254), tramite Smart TV e app dedicata, garantendo una copertura capillare e gratuita.<\/p>\n\n\n\n<p class=\"wp-block-paragraph\"><strong>CULTURA E TERRITORIO<\/strong><\/p>\n\n\n\n<p class=\"wp-block-paragraph\">Da sempre Casa Sanremo racconta l\u2019Italia e offre spazi di racconto ai Territori: si parte dal <strong>Comune di Sanremo<\/strong>, padrone di casa; si procede con la&nbsp;<strong>Regione Liguria<\/strong>, con i territori di&nbsp;<strong>ANCI Campania<\/strong>, con la&nbsp;<strong>Regione Calabria<\/strong>, con le&nbsp;<strong>Grotte di Frasassi<\/strong> fino ad includere i progetti Speciali come quello del&nbsp;<strong>Comune di Ruoti<\/strong>&nbsp;(PZ), che racconta il recupero degli abiti d\u2019epoca e della propria identit\u00e0.<\/p>\n\n\n\n<p class=\"wp-block-paragraph\"><strong>CASA SANREMO TV E RADIO CASA SANREMO<\/strong><\/p>\n\n\n\n<p class=\"wp-block-paragraph\"><strong>Casa Sanremo TV<\/strong>&nbsp;e<strong>&nbsp;Radio Casa Sanremo<\/strong>, grazie alla collaborazione con&nbsp;<strong>ADN PLAY<\/strong>, sono approdate con una rinnovata programmazione h24, sul digitale terrestre al canale 254, fruibile da qualsiasi smart tv. Riconfermati i programmi di punta del palinsesto: \u201c<strong>L\u2019Italia in Vetrina<\/strong>\u201d con&nbsp;<strong>Grazia Serra<\/strong>&nbsp;e \u201c<strong>Buongiorno Sanremo<\/strong>\u201d con&nbsp;<strong>Savino Zaba<\/strong>. Informazione e curiosit\u00e0, oltre alla valorizzazione delle eccellenze presenti nell\u2019edizione in corso.<\/p>\n\n\n\n<p class=\"wp-block-paragraph\"><strong>Radio Casa Sanremo<\/strong>, in diretta da Casa Sanremo, sotto la direzione di Lucio Rossomando e con la collaborazione di&nbsp;<strong>Xdevel<\/strong>.<\/p>\n\n\n\n<p class=\"wp-block-paragraph\"><strong>I PODCAST DI CASA SANREMO<\/strong><\/p>\n\n\n\n<p class=\"wp-block-paragraph\">Torna il racconto del festival attraverso i podcast di Casa Sanremo Chateau d\u2019Ax.<\/p>\n\n\n\n<p class=\"wp-block-paragraph\">\u201c<strong>Casa Sanremo Podcast<\/strong>\u201d a cura di Futura Management con il format Cos\u00ec Fan Tutte con Chiara Carcano e Arianna Bertoncelli.<\/p>\n\n\n\n<p class=\"wp-block-paragraph\">\u201c<strong>Pezzi: dentro la musica<\/strong>\u201d \u00e8 organizzato, condotto e realizzato da <strong>Luca Dondoni<\/strong>,<strong>&nbsp;Andrea Laffranchi<\/strong> e <strong>Paolo Giordano<\/strong>.<\/p>\n\n\n\n<p class=\"wp-block-paragraph\">\u201c<strong>Vita Futura<\/strong>\u201d con&nbsp;<strong>Giorgia Surina<\/strong>: videopodcast di Giorgia Surina, prodotto da Vois, che racconta storie di cambiamento, rinascita e rivoluzione personale.<\/p>\n\n\n\n<p class=\"wp-block-paragraph\">\u201c<strong>Il podcast stonato<\/strong>\u201d:&nbsp;<strong>Pinuccio<\/strong>&nbsp;presenta l\u2019attualit\u00e0 fuori coro.&nbsp;<\/p>\n\n\n\n<p class=\"wp-block-paragraph\"><strong>Lercio&nbsp;<\/strong>torna con interviste esclusive ai cantanti in gara, ai vip di passaggio e ai passanti distratti, mescolando ironia e musica.<\/p>\n\n\n\n<p class=\"wp-block-paragraph\"><strong>AREA BENESSERE<\/strong><\/p>\n\n\n\n<p class=\"wp-block-paragraph\"><strong>Relax Zone \u00e8 l\u2019esclusiva area benessere<\/strong>&nbsp;che offre, nella sua veste rinnovata, una vera e propria&nbsp;<strong>cura del corpo e dell\u2019anima<\/strong> con i professionisti del mondo olistico formati e guidati dai docenti di&nbsp;<strong>CSEN<\/strong> (Centro Sportivo Educativo Nazionale).&nbsp;<\/p>\n\n\n\n<p class=\"wp-block-paragraph\"><strong>CASA SANREMO UNDERGROUND<\/strong><\/p>\n\n\n\n<p class=\"wp-block-paragraph\"><strong>La piazza coperta, aperta al pubblico, quest\u2019anno \u00e8 ancora pi\u00f9 bella e vivibile. Ospita il fortunato esperimento di \u201cPiazza Marconi\u201d che accoglie le Emittenti radiofoniche, coordinate da Consulenza Radiofonica, e il Teatro che accoglie i format \u201cLive Box\u201d e \u201cPerformer 4.0\u201d. \u00c8 il Maestro&nbsp;Ciro Barbato&nbsp;a guidare, in qualit\u00e0 di Direttore artistico e organizzativo, il team di professionisti e gli artisti che lavorano al progetto. L\u2019ambito comunicazione del progetto \u00e8 curato da Maria Puca. Anche quest\u2019anno a Live Box si affianca un altro palcoscenico che valorizza l\u2019arte in tutte le sue infinite sfaccettature: Performer 4.0, curato dal Direttore artistico Maestro Ermanno Croce.<\/strong><\/p>\n\n\n\n<p class=\"wp-block-paragraph\"><strong>FOOD EXPERIENCE<\/strong><\/p>\n\n\n\n<p class=\"wp-block-paragraph\"><strong>Gambero Rosso rinnova per il secondo anno consecutivo la partnership con Casa Sanremo Chateau d\u2019Ax, confermandosi partner ufficiale dell\u2019area food durante la settimana del Festival di Sanremo. Anche quest\u2019anno il gruppo editoriale firmer\u00e0 il takeover del Roof di Casa Sanremo con un temporary restaurant (il Gambero Rosso Roof Restaurant) e una pizzeria dedicata (la Gambero Rosso Pizza Court), trasformando la terrazza in uno dei principali luoghi di incontro della kermesse sanremese.<\/strong><\/p>\n\n\n\n<p class=\"wp-block-paragraph\"><strong>CASA SANREMO WRITERS<\/strong><\/p>\n\n\n\n<p class=\"wp-block-paragraph\">Il&nbsp;<strong>Salotto culturale e letterario&nbsp;<\/strong>di Casa Sanremo offre molti spunti di dialogo e confronto. Confermata la fortunata&nbsp;<strong>partnership con Rai Libri<\/strong>. Tra gli autori&nbsp;<strong>Rai Libri<\/strong> saranno presenti:&nbsp;<strong>Annalisa Bruchi<\/strong>&nbsp;(21 febbraio),&nbsp;<strong>Natalia Cattelani<\/strong>&nbsp;(22 febbraio),&nbsp;<strong>Federico Palmaroli<\/strong>&nbsp;(23 febbraio),&nbsp;<strong>Bruno Luver\u00e0<\/strong>&nbsp;(24 febbraio),&nbsp;<strong>Beppe Convertini<\/strong>&nbsp;(25 febbraio),&nbsp;<strong>Giorgio Calcara<\/strong>&nbsp;(26 febbraio),&nbsp;<strong>Massimiliano Ossini<\/strong>&nbsp;(27 febbraio),&nbsp;<strong>Maria Latella<\/strong>&nbsp;(28 febbraio). Le presentazioni, moderate da&nbsp;<strong>Grazia Serra<\/strong>, saranno trasmesse in diretta da&nbsp;<strong>RaiPlay<\/strong>. Interverr\u00e0 il Direttore di Rai Libri,&nbsp;<strong>Adriano Monti Buzzetti<\/strong>.&nbsp;<\/p>\n\n\n\n<p class=\"wp-block-paragraph\">Il\u00a0<strong>Concorso letterario<\/strong>, con due Sezioni all\u2019attivo presiedute da\u00a0<strong>Laura Delli Colli<\/strong>\u00a0e\u00a0<strong>Lino Guanciale<\/strong>, ha raccolto un numero elevatissimo di adesioni, confermandosi come uno dei\u00a0<em>contest<\/em> letterari pi\u00f9 ambiti.\u00a0<\/p>\n\n\n\n<p class=\"wp-block-paragraph\">Il format \u201c<strong>La Vetrina<\/strong>\u201d, presentato da&nbsp;<strong>Maurilio Giordana<\/strong>, \u00e8 dedicato a scrittori gi\u00e0 affermati e a quelli esordienti, selezionati per offrire al pubblico letture di qualit\u00e0. Alcuni appuntamenti saranno condotti da&nbsp;<strong>Grazia Serra<\/strong>&nbsp;e da&nbsp;<strong>Viridiana Myriam Salerno<\/strong>.<\/p>\n\n\n\n<p class=\"wp-block-paragraph\"><strong>Casa Sanremo Library&nbsp;<\/strong>prevede, invece, lo&nbsp;\u201cScaffale dei libri\u201d dove gli autori possono lasciare una copia del loro volume, autografandolo con dedica. Interessanti i titoli in catalogo (volumi cartacei e in formato&nbsp;<em>e-book<\/em>)<em>&nbsp;<\/em>editi da&nbsp;<strong>Casa Sanremo Edizioni<\/strong> che , al momento, vanta ben 5 Collane: Narrativa, Storie, Poesie, Antropologia e Territori, Arte.<\/p>\n\n\n\n<p class=\"wp-block-paragraph\">Il salotto culturale ospiter\u00e0 anche le&nbsp;<strong>Eccellenze italiane<\/strong> selezionate da Casa Sanremo: Aziende che racconteranno il successo del loro brand. Le interviste saranno realizzate da&nbsp;<strong>Giuseppe Greco<\/strong>.<\/p>\n\n\n\n<p class=\"wp-block-paragraph\"><strong>CASA SANREMO INVEST<\/strong><\/p>\n\n\n\n<p class=\"wp-block-paragraph\">Il mondo degli investimenti sar\u00e0 ancora una volta protagonista a&nbsp;<strong>Casa Sanremo Invest<\/strong>&nbsp;che ha come referente&nbsp;<strong>Gabriele Del Mese<\/strong>.<\/p>\n\n\n\n<p class=\"wp-block-paragraph\"><strong>OFFICIAL SHOP DI CASA SANREMO&nbsp;<\/strong><\/p>\n\n\n\n<p class=\"wp-block-paragraph\">Dopo il grande successo dello scorso anno, Casa Sanremo avr\u00e0 il suo Store con merchandising ufficiale, originale ed unico, realizzato e prodotto da&nbsp;<strong>KeyStart23<\/strong>, l\u2019azienda specializzata in comunicazione e gadget. Disponibile anche l\u2019e-commerce online.<\/p>\n\n\n\n<p class=\"wp-block-paragraph\"><strong>I PARTNER<\/strong><\/p>\n\n\n\n<p class=\"wp-block-paragraph\"><strong>Chateau d\u2019Ax, storico partner di Casa Sanremo, firma la casa 2026 alla sua 19esima edizione come title sponsor. Casa Sanremo conferma il consolidamento della propria architettura partenariale per l&#8217;edizione 2026, con un ecosistema composto da oltre 100 partner articolati in categorie strategiche, proseguendo il suo percorso di crescita attraverso alleanze significative con aziende leader, istituzioni pubbliche e media internazionali.<\/strong><\/p>\n\n\n\n<p class=\"wp-block-paragraph\"><strong>Institutional Partner: Anat, Anci, Autorit\u00e0 del Turismo di Malta, Campania Divina, Caritas Italia, Comune di Barletta, Comune di Montecorvino Pugliano, Comune di Ruoti, Comune di Sanremo, Esercito Italiano, Federazione Italiana Cuochi, Gambero Rosso, Grotte di Frasassi, Lazio Sound, Mei, Ministero della Salute, Ministero della Disabilit\u00e0, Musica contro le mafie, Polizia di Stato, Pro Loco Paola, RAI, Regione Calabria, Regione Campania, Regione Lazio, Regione Liguria, Save the Children, Terre d&#8217;Irpinia, Terre del Bussento, Unicef.&nbsp;<\/strong><\/p>\n\n\n\n<p class=\"wp-block-paragraph\"><strong>Official Partner<\/strong>: 1Mobile, Acquirente Unico, Enel, Eurospin, Galvanina, Gerli, Harley Davidson, Kimbo, Krombacher, Montenegro, Noberasco, Panariello, Petti, Snam, Terna, Valdo Spumanti.<\/p>\n\n\n\n<p class=\"wp-block-paragraph\"><strong>Technical Partner:&nbsp;<\/strong>Aquamed, Antica Macelleria Corrado, Bevande Futuriste, Conad, Di Baldo, Dolci Monteleone, Expoled, Falegnameria Corallo, Grandiauto, Guadagnare nel Beauty, Moneyviz, Monviert, Orakom, Orion, Orsa Drinks, Otofarma, Perrella Network, Sebach, Sheba, Silvestrini, Spinelli, Tanara, We Make Future, World Wide Hydrogen, Xdevel.<\/p>\n\n\n\n<p class=\"wp-block-paragraph\"><strong>Official Supplier:&nbsp;<\/strong>Antenna Sicilia, Artemedia srl, Bsf, Ciotolissima, Club 11:11, Club Amici del Toscano, Consulenza Radiofonica, Damarila, Divise Ducale, Dj Fox, Ebim Record, Effedi Assicurazioni SNC, Encanto, Eos srl, Fabris Cristiano, Fiore Costruzioni e Telecomunicazioni srls, Fuoriclasse, Gi.Ma.L srl, Giubileo, Keystart, Mezzanotte, Mulino della Signora, Orso Bianco, Pozzallo Web Tv, Proloco Terre di Cancia e Lanio Aps, Radio Esercito, Radio Grs, Radio Immaginaria, Radio Legends, Radio Roma Sound, Radio Stereo 5 &#8211; Rete Brianza, Radio Trs, Tenute Cocconi, Vocalen Spray, Williams Sicilia Aps.<\/p>\n\n\n\n<p class=\"wp-block-paragraph\"><strong>Partner Gambero Rosso<\/strong>: Azienda Agricola San Salvatore, Basko, Bersano, Bonolio, Caseificio Carioni, Castello di Gabbiano, Di Baldo, Ferrarini, Feudo Stagnone, Gerli, La Ruota, Masseria Borgo dei Trulli, Panificio Malafronte, Pastificio Graziano, Sa Car Forni, Solania, Sor\u00ec, Spinelli, Tanara, Valdo Spumanti. In collaborazione con Arsial e Banca d\u2019Asti.<\/p>\n\n\n\n<p class=\"wp-block-paragraph\"><strong>Media Partner<\/strong>: ADN Italia, Classic Rock, EVETIMES, Earone, Futura Management, LAC, Lercio, Next, Nuovo Imaie, Rcs 75, Sanremo News, Vois Podcast, Vps Media.<\/p>\n\n\n\n<p class=\"wp-block-paragraph\"><\/p>\n","protected":false},"excerpt":{"rendered":"<div class=\"mh-excerpt\"><p>Casa Sanremo TV e Radio Casa Sanremo in diretta sul digitale terrestre al canale 254 su Smart Tv e sull\u2019App&nbsp; Sanremo (IM), 14 febbraio 2026&nbsp;\u2013 <a class=\"mh-excerpt-more\" href=\"https:\/\/mediavoxmagazine.it\/?p=42290\" title=\"Casa Sanremo 2026 \u2013 Diciannovesima Edizione\">[&#8230;]<\/a><\/p>\n<\/div>","protected":false},"author":60,"featured_media":42291,"comment_status":"closed","ping_status":"closed","sticky":false,"template":"","format":"standard","meta":{"footnotes":""},"categories":[244],"tags":[84],"class_list":["post-42290","post","type-post","status-publish","format-standard","has-post-thumbnail","hentry","category-speciale-sanremo","tag-casa-sanremo"],"_links":{"self":[{"href":"https:\/\/mediavoxmagazine.it\/index.php?rest_route=\/wp\/v2\/posts\/42290","targetHints":{"allow":["GET"]}}],"collection":[{"href":"https:\/\/mediavoxmagazine.it\/index.php?rest_route=\/wp\/v2\/posts"}],"about":[{"href":"https:\/\/mediavoxmagazine.it\/index.php?rest_route=\/wp\/v2\/types\/post"}],"author":[{"embeddable":true,"href":"https:\/\/mediavoxmagazine.it\/index.php?rest_route=\/wp\/v2\/users\/60"}],"replies":[{"embeddable":true,"href":"https:\/\/mediavoxmagazine.it\/index.php?rest_route=%2Fwp%2Fv2%2Fcomments&post=42290"}],"version-history":[{"count":10,"href":"https:\/\/mediavoxmagazine.it\/index.php?rest_route=\/wp\/v2\/posts\/42290\/revisions"}],"predecessor-version":[{"id":42302,"href":"https:\/\/mediavoxmagazine.it\/index.php?rest_route=\/wp\/v2\/posts\/42290\/revisions\/42302"}],"wp:featuredmedia":[{"embeddable":true,"href":"https:\/\/mediavoxmagazine.it\/index.php?rest_route=\/wp\/v2\/media\/42291"}],"wp:attachment":[{"href":"https:\/\/mediavoxmagazine.it\/index.php?rest_route=%2Fwp%2Fv2%2Fmedia&parent=42290"}],"wp:term":[{"taxonomy":"category","embeddable":true,"href":"https:\/\/mediavoxmagazine.it\/index.php?rest_route=%2Fwp%2Fv2%2Fcategories&post=42290"},{"taxonomy":"post_tag","embeddable":true,"href":"https:\/\/mediavoxmagazine.it\/index.php?rest_route=%2Fwp%2Fv2%2Ftags&post=42290"}],"curies":[{"name":"wp","href":"https:\/\/api.w.org\/{rel}","templated":true}]}}