{"id":42736,"date":"2026-04-01T15:58:06","date_gmt":"2026-04-01T14:58:06","guid":{"rendered":"https:\/\/mediavoxmagazine.it\/?p=42736"},"modified":"2026-04-01T15:58:06","modified_gmt":"2026-04-01T14:58:06","slug":"quando-la-gentilezza-diventa-presenza-viva-e-costruisce-ponti-tra-le-anime","status":"publish","type":"post","link":"https:\/\/mediavoxmagazine.it\/?p=42736","title":{"rendered":"QUANDO LA GENTILEZZA DIVENTA PRESENZA VIVA E COSTRUISCE PONTI TRA LE ANIME"},"content":{"rendered":"\n<p class=\"wp-block-paragraph\">Ci sono giornate che non si esauriscono nel tempo di un incontro, ma restano sospese nell\u2019anima come una luce destinata a durare. Giorni che non appartengono soltanto alla cronaca, ma alla sfera pi\u00f9 profonda dell\u2019esperienza umana, l\u00e0 dove la sensibilit\u00e0 si fa testimonianza, la vicinanza si trasforma in legame e la gentilezza smette di essere una parola per diventare una forza reale, concreta, capace di unire, curare e seminare speranza.<\/p>\n\n\n\n<p class=\"wp-block-paragraph\">\u00c8 in questa dimensione che si colloca la giornata vissuta da Anna Vitiello, protagonista di un incontro dal valore umano intensissimo, in cui emozione, bellezza e autenticit\u00e0 si sono intrecciate fino a generare qualcosa di raro. Non un semplice appuntamento, ma un momento destinato a lasciare un segno, un\u2019impronta profonda nel cuore di chi ha avuto il privilegio di esserci.<\/p>\n\n\n\n<p class=\"wp-block-paragraph\">Fin dal primo istante, Anna Vitiello ha percepito in quella esperienza una verit\u00e0 difficile da spiegare con le sole parole: la sensazione limpida e potente che le connessioni pi\u00f9 vere siano quelle che si riconoscono senza clamore, quasi in punta di piedi, e proprio per questo riescano a toccare le corde pi\u00f9 intime dell\u2019anima. In quella mattina a Niscemi, l\u2019autenticit\u00e0 si \u00e8 manifestata nello sguardo dei bambini, nella delicatezza dei gesti, nella purezza di una presenza collettiva capace di restituire senso alle cose essenziali.<\/p>\n\n\n\n<figure class=\"wp-block-image size-large\"><img loading=\"lazy\" decoding=\"async\" width=\"1024\" height=\"472\" src=\"https:\/\/mediavoxmagazine.it\/wp-content\/uploads\/2026\/04\/IMG_5153-1024x472.jpeg\" alt=\"\" class=\"wp-image-42737\" srcset=\"https:\/\/mediavoxmagazine.it\/wp-content\/uploads\/2026\/04\/IMG_5153-1024x472.jpeg 1024w, https:\/\/mediavoxmagazine.it\/wp-content\/uploads\/2026\/04\/IMG_5153-300x138.jpeg 300w, https:\/\/mediavoxmagazine.it\/wp-content\/uploads\/2026\/04\/IMG_5153-768x354.jpeg 768w, https:\/\/mediavoxmagazine.it\/wp-content\/uploads\/2026\/04\/IMG_5153-1536x709.jpeg 1536w, https:\/\/mediavoxmagazine.it\/wp-content\/uploads\/2026\/04\/IMG_5153.jpeg 2016w\" sizes=\"auto, (max-width: 1024px) 100vw, 1024px\" \/><\/figure>\n\n\n\n<p class=\"wp-block-paragraph\">I pi\u00f9 piccoli, con la loro grazia silenziosa, hanno raccolto ci\u00f2 che troppo spesso gli adulti dimenticano di vedere: i \u201crespiri di bellezza\u201d nascosti nei dettagli, nei gesti semplici, nelle parole pronunciate con cura, nella dolcezza di un contatto umano che non chiede nulla eppure sa donare tutto. Tenendosi per mano, cantando con dolcezza e affidando al vento la leggerezza delle loro emozioni, hanno dato forma a un racconto corale di rara intensit\u00e0, insieme alla Dirigente Scolastica e ai Docenti, testimoni e custodi di un cammino fondato sul valore dei gesti gentili.<\/p>\n\n\n\n<p class=\"wp-block-paragraph\">In questo scenario cos\u00ec intenso e toccante, Anna Vitiello ha vissuto momenti di autentica commozione, attraversati da occhi lucidi, abbracci interiori e quella sorprendente sensazione di riconoscersi da sempre anche laddove, apparentemente, tutto sembrerebbe appena iniziato. Il suo incontro con Licia Salerno si \u00e8 caricato fin da subito di una forza emotiva straordinaria, quasi inspiegabile, capace di evocare la familiarit\u00e0 delle anime che si comprendono senza bisogno di lunghe spiegazioni. Un\u2019emozione autentica, profonda, che si \u00e8 fatta gratitudine viva.<\/p>\n\n\n\n<figure class=\"wp-block-image size-large\"><img loading=\"lazy\" decoding=\"async\" width=\"1024\" height=\"702\" src=\"https:\/\/mediavoxmagazine.it\/wp-content\/uploads\/2026\/04\/IMG_5152-1024x702.jpeg\" alt=\"\" class=\"wp-image-42738\" srcset=\"https:\/\/mediavoxmagazine.it\/wp-content\/uploads\/2026\/04\/IMG_5152-1024x702.jpeg 1024w, https:\/\/mediavoxmagazine.it\/wp-content\/uploads\/2026\/04\/IMG_5152-300x206.jpeg 300w, https:\/\/mediavoxmagazine.it\/wp-content\/uploads\/2026\/04\/IMG_5152-768x526.jpeg 768w, https:\/\/mediavoxmagazine.it\/wp-content\/uploads\/2026\/04\/IMG_5152.jpeg 1080w\" sizes=\"auto, (max-width: 1024px) 100vw, 1024px\" \/><\/figure>\n\n\n\n<p class=\"wp-block-paragraph\">La consegna dei doni, l\u2019albero della vita, la Rosa Gentile dei Maestri Nello Collaro e Carlo Di Prisco, le frasi dei bambini, la scatola viola contenente simbolicamente tutte le Voci Vesuviane: ogni elemento ha contribuito a confermare l\u2019immensit\u00e0 di un\u2019esperienza fondata sulla presenza di anime buone e luminose, persone che scelgono di essere costruttrici concrete di bene, bellezza e umanit\u00e0.<\/p>\n\n\n\n<figure class=\"wp-block-image size-large\"><img loading=\"lazy\" decoding=\"async\" width=\"472\" height=\"1024\" src=\"https:\/\/mediavoxmagazine.it\/wp-content\/uploads\/2026\/04\/IMG_5154-472x1024.jpeg\" alt=\"\" class=\"wp-image-42739\" srcset=\"https:\/\/mediavoxmagazine.it\/wp-content\/uploads\/2026\/04\/IMG_5154-472x1024.jpeg 472w, https:\/\/mediavoxmagazine.it\/wp-content\/uploads\/2026\/04\/IMG_5154-138x300.jpeg 138w, https:\/\/mediavoxmagazine.it\/wp-content\/uploads\/2026\/04\/IMG_5154-768x1665.jpeg 768w, https:\/\/mediavoxmagazine.it\/wp-content\/uploads\/2026\/04\/IMG_5154-709x1536.jpeg 709w, https:\/\/mediavoxmagazine.it\/wp-content\/uploads\/2026\/04\/IMG_5154.jpeg 930w\" sizes=\"auto, (max-width: 472px) 100vw, 472px\" \/><\/figure>\n\n\n\n<p class=\"wp-block-paragraph\">Particolarmente significativa \u00e8 stata anche l\u2019inaugurazione ufficiale del murale \u201cGentile\u201d, opera capace di andare oltre la materia pittorica per farsi messaggio civile e spirituale. In quella raffigurazione non c\u2019\u00e8 soltanto il ricordo della frana che ha colpito luoghi e pensieri, ma soprattutto il trionfo della resilienza, della comunit\u00e0 e della speranza. Quel murale diventa cos\u00ec il simbolo di una rinascita che non riguarda un solo territorio, ma una coscienza collettiva pi\u00f9 ampia, alimentata dall\u2019ascolto, dalla presenza reciproca e dalla volont\u00e0 di non lasciare indietro nessuno.<\/p>\n\n\n\n<p class=\"wp-block-paragraph\">A rendere ancora pi\u00f9 prezioso il significato della giornata \u00e8 stata l\u2019accoglienza ricevuta nella Casa comunale, dove il Sindaco e gli Assessori hanno aperto le porte con calore sincero e autentico affetto. In quel clima di ascolto e confronto, si \u00e8 consolidata la percezione di un percorso che pu\u00f2 essere costruito insieme, passo dopo passo, attraverso collaborazione, visione comune e un\u2019idea condivisa di comunit\u00e0 che non si limita a esistere, ma sceglie di prendersi cura di s\u00e9 stessa e degli altri.<\/p>\n\n\n\n<p class=\"wp-block-paragraph\">Ed \u00e8 proprio qui che il valore dell\u2019iniziativa si eleva ulteriormente, assumendo un significato che supera il perimetro del singolo evento. La collaborazione tra Comuni si rivela infatti uno degli aspetti pi\u00f9 alti e nobili di questa esperienza: non una semplice convergenza istituzionale, ma una dichiarazione concreta di responsabilit\u00e0, vicinanza e lungimiranza. Quando territori diversi si tendono la mano, quando amministrazioni differenti scelgono di parlare un linguaggio comune fondato sulla solidariet\u00e0, sulla cultura e sulla costruzione del bene, allora nasce qualcosa che ha un peso autentico nella vita delle persone.<\/p>\n\n\n\n<p class=\"wp-block-paragraph\">La lettura della lettera del Sindaco di Boscoreale, portavoce dei tre Comuni di Boscoreale, Boscotrecase e Terzigno, ha incarnato con grande forza proprio questo spirito. In quelle parole si \u00e8 resa visibile una volont\u00e0 condivisa: portare avanti un progetto di unione e solidariet\u00e0 tra la comunit\u00e0 di Niscemi, la Sicilia, le Terre Vesuviane e la Campania. Un passaggio di straordinaria importanza, perch\u00e9 dimostra che la collaborazione tra enti locali non \u00e8 soltanto un fatto amministrativo, ma pu\u00f2 diventare un presidio morale, umano e culturale, capace di generare ponti veri tra le comunit\u00e0.<\/p>\n\n\n\n<p class=\"wp-block-paragraph\">In un tempo che troppo spesso separa, chiude e divide, la scelta di pi\u00f9 Comuni di riconoscersi dentro una medesima visione rappresenta un segnale potentissimo. Significa affermare che la fratellanza istituzionale pu\u00f2 tradursi in presenza concreta, che la solidariet\u00e0 pu\u00f2 diventare azione condivisa, che la politica dei territori, quando sa elevarsi, pu\u00f2 tornare a essere una forma alta di servizio. \u00c8 da collaborazioni come queste che prende forma una speranza credibile, radicata, duratura.<\/p>\n\n\n\n<p class=\"wp-block-paragraph\">Del resto, il potere delle parole autentiche \u00e8 proprio questo: non si fermano alla superficie, ma sanno aprire il cuore a una forma di magia che non ha nulla di irreale. \u00c8 la magia concreta della gentilezza, della solidariet\u00e0, dell\u2019attenzione, della capacit\u00e0 di trasformare la realt\u00e0 a partire da ci\u00f2 che sembra piccolo e invece contiene l\u2019infinito. La bellezza, in fondo, non coincide sempre con l\u2019eccezionale, ma spesso abita nei gesti quotidiani, negli sguardi disponibili, nei cuori aperti.<\/p>\n\n\n\n<p class=\"wp-block-paragraph\">Il 31 marzo, cos\u00ec, non si consegna soltanto al ricordo di una data, ma assume il valore di un passaggio umano e morale verso la costruzione di ponti d\u2019amore e solidariet\u00e0. Un percorso condiviso insieme ai compagni di viaggio Loredana Tuccio, Katia Gussio e Giovanni Boccia, che rende questa esperienza una testimonianza viva di ci\u00f2 che accade quando la sensibilit\u00e0 incontra l\u2019azione, quando il cuore si mette in cammino e quando la gentilezza diventa davvero un modo di abitare il mondo.<\/p>\n\n\n\n<p class=\"wp-block-paragraph\">Perch\u00e9 ci sono giornate che si raccontano. E poi ce ne sono altre che si custodiscono come un dono. Questa appartiene senza dubbio alla seconda categoria.<\/p>\n","protected":false},"excerpt":{"rendered":"<div class=\"mh-excerpt\"><p>Ci sono giornate che non si esauriscono nel tempo di un incontro, ma restano sospese nell\u2019anima come una luce destinata a durare. Giorni che non <a class=\"mh-excerpt-more\" href=\"https:\/\/mediavoxmagazine.it\/?p=42736\" title=\"QUANDO LA GENTILEZZA DIVENTA PRESENZA VIVA E COSTRUISCE PONTI TRA LE ANIME\">[&#8230;]<\/a><\/p>\n<\/div>","protected":false},"author":60,"featured_media":42740,"comment_status":"closed","ping_status":"closed","sticky":false,"template":"","format":"standard","meta":{"footnotes":""},"categories":[16],"tags":[983],"class_list":["post-42736","post","type-post","status-publish","format-standard","has-post-thumbnail","hentry","category-cultura-e-arte","tag-anna-vitiello"],"_links":{"self":[{"href":"https:\/\/mediavoxmagazine.it\/index.php?rest_route=\/wp\/v2\/posts\/42736","targetHints":{"allow":["GET"]}}],"collection":[{"href":"https:\/\/mediavoxmagazine.it\/index.php?rest_route=\/wp\/v2\/posts"}],"about":[{"href":"https:\/\/mediavoxmagazine.it\/index.php?rest_route=\/wp\/v2\/types\/post"}],"author":[{"embeddable":true,"href":"https:\/\/mediavoxmagazine.it\/index.php?rest_route=\/wp\/v2\/users\/60"}],"replies":[{"embeddable":true,"href":"https:\/\/mediavoxmagazine.it\/index.php?rest_route=%2Fwp%2Fv2%2Fcomments&post=42736"}],"version-history":[{"count":1,"href":"https:\/\/mediavoxmagazine.it\/index.php?rest_route=\/wp\/v2\/posts\/42736\/revisions"}],"predecessor-version":[{"id":42741,"href":"https:\/\/mediavoxmagazine.it\/index.php?rest_route=\/wp\/v2\/posts\/42736\/revisions\/42741"}],"wp:featuredmedia":[{"embeddable":true,"href":"https:\/\/mediavoxmagazine.it\/index.php?rest_route=\/wp\/v2\/media\/42740"}],"wp:attachment":[{"href":"https:\/\/mediavoxmagazine.it\/index.php?rest_route=%2Fwp%2Fv2%2Fmedia&parent=42736"}],"wp:term":[{"taxonomy":"category","embeddable":true,"href":"https:\/\/mediavoxmagazine.it\/index.php?rest_route=%2Fwp%2Fv2%2Fcategories&post=42736"},{"taxonomy":"post_tag","embeddable":true,"href":"https:\/\/mediavoxmagazine.it\/index.php?rest_route=%2Fwp%2Fv2%2Ftags&post=42736"}],"curies":[{"name":"wp","href":"https:\/\/api.w.org\/{rel}","templated":true}]}}