{"id":42824,"date":"2026-04-12T21:19:09","date_gmt":"2026-04-12T20:19:09","guid":{"rendered":"https:\/\/mediavoxmagazine.it\/?p=42824"},"modified":"2026-04-12T21:44:07","modified_gmt":"2026-04-12T20:44:07","slug":"fiesole-la-gentilezza-come-rivoluzione-silenziosa","status":"publish","type":"post","link":"https:\/\/mediavoxmagazine.it\/?p=42824","title":{"rendered":"Andrew Faber a Fiesole: la gentilezza come rivoluzione silenziosa"},"content":{"rendered":"\n<p class=\"wp-block-paragraph\">C\u2019\u00e8 un luogo, sospeso tra cielo e memoria, in cui la bellezza sembra non appartenere solo al paesaggio ma farsi esperienza viva, attraversare le persone, lasciare tracce invisibili eppure indelebili. \u00c8 l\u00ec, a&nbsp;<strong>Fiesole<\/strong>, alle porte di&nbsp;<strong>Firenze&nbsp;<\/strong>che prende forma una serata destinata a restare, non come un semplice ricordo, ma come una vibrazione che continua a risuonare nel tempo.<\/p>\n\n\n\n<figure class=\"wp-block-image size-large\"><img loading=\"lazy\" decoding=\"async\" width=\"1024\" height=\"768\" src=\"https:\/\/mediavoxmagazine.it\/wp-content\/uploads\/2026\/04\/91db4298-2f49-4893-8883-1d411372de1f-1024x768.jpeg\" alt=\"\" class=\"wp-image-42825\" srcset=\"https:\/\/mediavoxmagazine.it\/wp-content\/uploads\/2026\/04\/91db4298-2f49-4893-8883-1d411372de1f-1024x768.jpeg 1024w, https:\/\/mediavoxmagazine.it\/wp-content\/uploads\/2026\/04\/91db4298-2f49-4893-8883-1d411372de1f-300x225.jpeg 300w, https:\/\/mediavoxmagazine.it\/wp-content\/uploads\/2026\/04\/91db4298-2f49-4893-8883-1d411372de1f-768x576.jpeg 768w, https:\/\/mediavoxmagazine.it\/wp-content\/uploads\/2026\/04\/91db4298-2f49-4893-8883-1d411372de1f-1536x1152.jpeg 1536w, https:\/\/mediavoxmagazine.it\/wp-content\/uploads\/2026\/04\/91db4298-2f49-4893-8883-1d411372de1f-678x509.jpeg 678w, https:\/\/mediavoxmagazine.it\/wp-content\/uploads\/2026\/04\/91db4298-2f49-4893-8883-1d411372de1f-326x245.jpeg 326w, https:\/\/mediavoxmagazine.it\/wp-content\/uploads\/2026\/04\/91db4298-2f49-4893-8883-1d411372de1f-80x60.jpeg 80w, https:\/\/mediavoxmagazine.it\/wp-content\/uploads\/2026\/04\/91db4298-2f49-4893-8883-1d411372de1f.jpeg 2000w\" sizes=\"auto, (max-width: 1024px) 100vw, 1024px\" \/><\/figure>\n\n\n\n<p class=\"wp-block-paragraph\">L\u201911 aprile si consuma qualcosa di raro, quasi fragile nella sua intensit\u00e0: lo spettacolo di&nbsp;<strong>Andrew Faber&nbsp;<\/strong>si rivela un viaggio profondo tra parole, musica e riflessioni, capace di toccare corde intime, di aprire spazi interiori spesso dimenticati. Non \u00e8 solo narrazione, \u00e8 una forma di ascolto condiviso, un invito silenzioso a fermarsi in un mondo che corre troppo veloce. Le sue parole non impongono, non cercano consenso, ma si depositano con la leggerezza delle cose autentiche, quelle che non hanno bisogno di alzare la voce per essere comprese.<\/p>\n\n\n\n<figure class=\"wp-block-image size-large\"><img loading=\"lazy\" decoding=\"async\" width=\"1024\" height=\"768\" src=\"https:\/\/mediavoxmagazine.it\/wp-content\/uploads\/2026\/04\/4be30c7d-6728-4493-9ec2-e075d2d2fe36-1024x768.jpeg\" alt=\"\" class=\"wp-image-42826\" srcset=\"https:\/\/mediavoxmagazine.it\/wp-content\/uploads\/2026\/04\/4be30c7d-6728-4493-9ec2-e075d2d2fe36-1024x768.jpeg 1024w, https:\/\/mediavoxmagazine.it\/wp-content\/uploads\/2026\/04\/4be30c7d-6728-4493-9ec2-e075d2d2fe36-300x225.jpeg 300w, https:\/\/mediavoxmagazine.it\/wp-content\/uploads\/2026\/04\/4be30c7d-6728-4493-9ec2-e075d2d2fe36-768x576.jpeg 768w, https:\/\/mediavoxmagazine.it\/wp-content\/uploads\/2026\/04\/4be30c7d-6728-4493-9ec2-e075d2d2fe36-1536x1152.jpeg 1536w, https:\/\/mediavoxmagazine.it\/wp-content\/uploads\/2026\/04\/4be30c7d-6728-4493-9ec2-e075d2d2fe36-678x509.jpeg 678w, https:\/\/mediavoxmagazine.it\/wp-content\/uploads\/2026\/04\/4be30c7d-6728-4493-9ec2-e075d2d2fe36-326x245.jpeg 326w, https:\/\/mediavoxmagazine.it\/wp-content\/uploads\/2026\/04\/4be30c7d-6728-4493-9ec2-e075d2d2fe36-80x60.jpeg 80w, https:\/\/mediavoxmagazine.it\/wp-content\/uploads\/2026\/04\/4be30c7d-6728-4493-9ec2-e075d2d2fe36.jpeg 2000w\" sizes=\"auto, (max-width: 1024px) 100vw, 1024px\" \/><\/figure>\n\n\n\n<p class=\"wp-block-paragraph\"><strong>Andrew Faber<\/strong>&nbsp;racconta la gentilezza come una lingua antica, quasi smarrita, eppure ancora capace di guarire. La restituisce alla sua dimensione pi\u00f9 vera: non gesto superficiale, ma atto concreto, fisico, coraggioso. L\u2019empatia diventa allora una scelta, una responsabilit\u00e0, un modo di abitare il dolore dell\u2019altro senza respingerlo, custodendolo il tempo necessario a restituire respiro a chi ne \u00e8 sopraffatto.<\/p>\n\n\n\n<p class=\"wp-block-paragraph\">E proprio in questa cornice prende forma uno dei momenti pi\u00f9 significativi della serata: la consegna del Premio \u201cCostruiamo Gentilezza nella vita\u201d, un riconoscimento che supera il valore simbolico per trasformarsi in un richiamo etico, quotidiano, necessario. Non un traguardo, ma un impegno. Non una celebrazione, ma una direzione.<\/p>\n\n\n\n<figure class=\"wp-block-image size-large\"><img loading=\"lazy\" decoding=\"async\" width=\"768\" height=\"1024\" src=\"https:\/\/mediavoxmagazine.it\/wp-content\/uploads\/2026\/04\/a49fdc7d-4609-4752-89a6-6526645068a8-768x1024.jpeg\" alt=\"\" class=\"wp-image-42827\" srcset=\"https:\/\/mediavoxmagazine.it\/wp-content\/uploads\/2026\/04\/a49fdc7d-4609-4752-89a6-6526645068a8-768x1024.jpeg 768w, https:\/\/mediavoxmagazine.it\/wp-content\/uploads\/2026\/04\/a49fdc7d-4609-4752-89a6-6526645068a8-225x300.jpeg 225w, https:\/\/mediavoxmagazine.it\/wp-content\/uploads\/2026\/04\/a49fdc7d-4609-4752-89a6-6526645068a8-1152x1536.jpeg 1152w, https:\/\/mediavoxmagazine.it\/wp-content\/uploads\/2026\/04\/a49fdc7d-4609-4752-89a6-6526645068a8.jpeg 1500w\" sizes=\"auto, (max-width: 768px) 100vw, 768px\" \/><\/figure>\n\n\n\n<p class=\"wp-block-paragraph\">A consegnarlo, tra emozione e consapevolezza, le ambasciatrici del progetto internazionale\u00a0<strong>Costruiamo Gentilezza<\/strong>, donne che incarnano quella stessa visione fatta di presenza, cura e condivisione. Sul posto ci sono state\u00a0<strong>Germana Delle Canne<\/strong>,\u00a0<strong>Monica Rindi<\/strong>\u00a0e\u00a0<strong>Anna<\/strong>\u00a0<strong>Vitiello<\/strong>\u00a0ma col cuore, seppur non presenti,\u00a0<strong>Tiziana Arnone<\/strong>\u00a0e\u00a0<strong>Gaia Simonetti<\/strong>. Presenze che non fanno rumore ma costruiscono legami, che trasformano la gentilezza in azione concreta, in sorellanza viva, in forza collettiva.<\/p>\n\n\n\n<p class=\"wp-block-paragraph\">Si parla apertamente di rivoluzione. Non quella urlata, visibile, che divide, ma una rivoluzione silenziosa, fatta di sguardi che restano, di parole che non feriscono, di mani invisibili che sostengono. Una rivoluzione necessaria, oggi pi\u00f9 che mai, in un tempo che spesso dimentica l\u2019essenziale e, mentre questa consapevolezza si fa spazio, il pensiero corre inevitabilmente alla realt\u00e0, a ci\u00f2 che accade fuori da questi momenti di luce. I fatti di&nbsp;<strong>Castelfranco di Sotto<\/strong>, dove una giovane ha accoltellato un\u2019altra ragazza, irrompono come una ferita aperta. Episodi che scuotono, che interrogano, che impongono una riflessione pi\u00f9 profonda.<\/p>\n\n\n\n<figure class=\"wp-block-image size-large\"><img loading=\"lazy\" decoding=\"async\" width=\"1024\" height=\"641\" src=\"https:\/\/mediavoxmagazine.it\/wp-content\/uploads\/2026\/04\/45cda36a-c6e7-41ce-ac6c-5c99a1281e10-1024x641.jpeg\" alt=\"\" class=\"wp-image-42828\" srcset=\"https:\/\/mediavoxmagazine.it\/wp-content\/uploads\/2026\/04\/45cda36a-c6e7-41ce-ac6c-5c99a1281e10-1024x641.jpeg 1024w, https:\/\/mediavoxmagazine.it\/wp-content\/uploads\/2026\/04\/45cda36a-c6e7-41ce-ac6c-5c99a1281e10-300x188.jpeg 300w, https:\/\/mediavoxmagazine.it\/wp-content\/uploads\/2026\/04\/45cda36a-c6e7-41ce-ac6c-5c99a1281e10-768x481.jpeg 768w, https:\/\/mediavoxmagazine.it\/wp-content\/uploads\/2026\/04\/45cda36a-c6e7-41ce-ac6c-5c99a1281e10-1536x962.jpeg 1536w, https:\/\/mediavoxmagazine.it\/wp-content\/uploads\/2026\/04\/45cda36a-c6e7-41ce-ac6c-5c99a1281e10.jpeg 2048w\" sizes=\"auto, (max-width: 1024px) 100vw, 1024px\" \/><\/figure>\n\n\n\n<p class=\"wp-block-paragraph\">Non basta giudicare, non basta prendere distanza. Serve qualcosa di pi\u00f9 difficile e pi\u00f9 umano: provare a comprendere, ad ascoltare il disagio che resta nascosto, a intercettare quei silenzi che troppo spesso ignoriamo. Perch\u00e9 \u00e8 proprio in quegli spazi invisibili che si annidano le fratture, ma anche le possibilit\u00e0 di cura. La serata di Fiesole allora non resta confinata in s\u00e9 stessa, ma si espande, diventa messaggio, responsabilit\u00e0, visione. Ci ricorda che la gentilezza non \u00e8 un dettaglio, non \u00e8 una scelta accessoria, ma una forza capace di cambiare le relazioni, le comunit\u00e0, il futuro.<\/p>\n\n\n\n<figure class=\"wp-block-image size-large\"><img loading=\"lazy\" decoding=\"async\" width=\"1024\" height=\"724\" src=\"https:\/\/mediavoxmagazine.it\/wp-content\/uploads\/2026\/04\/a24798d5-dcf4-4e9e-8b64-8eecf8b23ab4-1024x724.jpeg\" alt=\"\" class=\"wp-image-42829\" srcset=\"https:\/\/mediavoxmagazine.it\/wp-content\/uploads\/2026\/04\/a24798d5-dcf4-4e9e-8b64-8eecf8b23ab4-1024x724.jpeg 1024w, https:\/\/mediavoxmagazine.it\/wp-content\/uploads\/2026\/04\/a24798d5-dcf4-4e9e-8b64-8eecf8b23ab4-300x212.jpeg 300w, https:\/\/mediavoxmagazine.it\/wp-content\/uploads\/2026\/04\/a24798d5-dcf4-4e9e-8b64-8eecf8b23ab4-768x543.jpeg 768w, https:\/\/mediavoxmagazine.it\/wp-content\/uploads\/2026\/04\/a24798d5-dcf4-4e9e-8b64-8eecf8b23ab4-1536x1086.jpeg 1536w, https:\/\/mediavoxmagazine.it\/wp-content\/uploads\/2026\/04\/a24798d5-dcf4-4e9e-8b64-8eecf8b23ab4.jpeg 1600w\" sizes=\"auto, (max-width: 1024px) 100vw, 1024px\" \/><\/figure>\n\n\n\n<p class=\"wp-block-paragraph\">Forse \u00e8 proprio questo il dono pi\u00f9 grande di incontri come questo: restituirci il senso profondo dell\u2019essere umani, ricordarci che esistere insieme non basta, che vivere davvero significa prendersi cura gli uni degli altri, anche quando costa, soprattutto quando costa\u2026 E allora s\u00ec, la gentilezza diventa speranza. Non fragile, non ingenua, ma ostinata, viva, rivoluzionaria. Una scelta quotidiana che, se condivisa, pu\u00f2 davvero cambiare tutto.<\/p>\n","protected":false},"excerpt":{"rendered":"<div class=\"mh-excerpt\"><p>C\u2019\u00e8 un luogo, sospeso tra cielo e memoria, in cui la bellezza sembra non appartenere solo al paesaggio ma farsi esperienza viva, attraversare le persone, <a class=\"mh-excerpt-more\" href=\"https:\/\/mediavoxmagazine.it\/?p=42824\" title=\"Andrew Faber a Fiesole: la gentilezza come rivoluzione silenziosa\">[&#8230;]<\/a><\/p>\n<\/div>","protected":false},"author":60,"featured_media":42830,"comment_status":"closed","ping_status":"closed","sticky":false,"template":"","format":"standard","meta":{"footnotes":""},"categories":[16],"tags":[1242,983],"class_list":["post-42824","post","type-post","status-publish","format-standard","has-post-thumbnail","hentry","category-cultura-e-arte","tag-andrew-faber","tag-anna-vitiello"],"_links":{"self":[{"href":"https:\/\/mediavoxmagazine.it\/index.php?rest_route=\/wp\/v2\/posts\/42824","targetHints":{"allow":["GET"]}}],"collection":[{"href":"https:\/\/mediavoxmagazine.it\/index.php?rest_route=\/wp\/v2\/posts"}],"about":[{"href":"https:\/\/mediavoxmagazine.it\/index.php?rest_route=\/wp\/v2\/types\/post"}],"author":[{"embeddable":true,"href":"https:\/\/mediavoxmagazine.it\/index.php?rest_route=\/wp\/v2\/users\/60"}],"replies":[{"embeddable":true,"href":"https:\/\/mediavoxmagazine.it\/index.php?rest_route=%2Fwp%2Fv2%2Fcomments&post=42824"}],"version-history":[{"count":5,"href":"https:\/\/mediavoxmagazine.it\/index.php?rest_route=\/wp\/v2\/posts\/42824\/revisions"}],"predecessor-version":[{"id":42835,"href":"https:\/\/mediavoxmagazine.it\/index.php?rest_route=\/wp\/v2\/posts\/42824\/revisions\/42835"}],"wp:featuredmedia":[{"embeddable":true,"href":"https:\/\/mediavoxmagazine.it\/index.php?rest_route=\/wp\/v2\/media\/42830"}],"wp:attachment":[{"href":"https:\/\/mediavoxmagazine.it\/index.php?rest_route=%2Fwp%2Fv2%2Fmedia&parent=42824"}],"wp:term":[{"taxonomy":"category","embeddable":true,"href":"https:\/\/mediavoxmagazine.it\/index.php?rest_route=%2Fwp%2Fv2%2Fcategories&post=42824"},{"taxonomy":"post_tag","embeddable":true,"href":"https:\/\/mediavoxmagazine.it\/index.php?rest_route=%2Fwp%2Fv2%2Ftags&post=42824"}],"curies":[{"name":"wp","href":"https:\/\/api.w.org\/{rel}","templated":true}]}}