{"id":43617,"date":"2026-06-20T12:16:12","date_gmt":"2026-06-20T11:16:12","guid":{"rendered":"https:\/\/mediavoxmagazine.it\/?p=43617"},"modified":"2026-06-23T14:41:52","modified_gmt":"2026-06-23T13:41:52","slug":"a-san-severo-la-gentilezza-diventa-cura-il-filo-luminoso-che-unisce-territori-comunita-e-speranza","status":"publish","type":"post","link":"https:\/\/mediavoxmagazine.it\/?p=43617","title":{"rendered":"A San Severo la gentilezza diventa cura: il filo luminoso che unisce territori, comunit\u00e0 e speranza"},"content":{"rendered":"\n<p class=\"wp-block-paragraph\">Ci sono parole che, quando vengono pronunciate con autenticit\u00e0, non restano sospese nell\u2019aria, ma diventano strada, incontro, gesto, futuro. La <strong>gentilezza<\/strong> \u00e8 una di queste. Non una semplice virt\u00f9 da raccontare, ma una forza silenziosa e potente, capace di curare le ferite invisibili delle comunit\u00e0, di ricucire distanze, di accendere luce dove spesso restano soltanto abitudine e indifferenza.<\/p>\n\n\n\n<figure class=\"wp-block-image size-large\"><img loading=\"lazy\" decoding=\"async\" width=\"1024\" height=\"966\" src=\"https:\/\/mediavoxmagazine.it\/wp-content\/uploads\/2026\/06\/IMG_6617-1024x966.jpeg\" alt=\"\" class=\"wp-image-43618\" srcset=\"https:\/\/mediavoxmagazine.it\/wp-content\/uploads\/2026\/06\/IMG_6617-1024x966.jpeg 1024w, https:\/\/mediavoxmagazine.it\/wp-content\/uploads\/2026\/06\/IMG_6617-300x283.jpeg 300w, https:\/\/mediavoxmagazine.it\/wp-content\/uploads\/2026\/06\/IMG_6617-768x725.jpeg 768w, https:\/\/mediavoxmagazine.it\/wp-content\/uploads\/2026\/06\/IMG_6617.jpeg 1383w\" sizes=\"auto, (max-width: 1024px) 100vw, 1024px\" \/><\/figure>\n\n\n\n<p class=\"wp-block-paragraph\">Alla <strong>Palazzina Liberty di San Severo<\/strong>, in provincia di Foggia, questa parola ha assunto il volto concreto di una giornata intensa, emozionante e profondamente significativa. Il convegno <strong>\u201cLa citt\u00e0 che cura: trame di territorio\u201d<\/strong> ha riunito esperienze, visioni e sensibilit\u00e0 provenienti da diverse regioni d\u2019Italia, tra cui <strong>Veneto, Emilia-Romagna, Campania, Toscana, Calabria e Puglia<\/strong>, dando vita a una rete nazionale di intenti gentili, capace di trasformare il confronto in promessa e la condivisione in cammino.<\/p>\n\n\n\n<figure class=\"wp-block-gallery has-nested-images columns-default is-cropped wp-block-gallery-1 is-layout-flex wp-block-gallery-is-layout-flex\">\n<figure class=\"wp-block-image size-large\"><img loading=\"lazy\" decoding=\"async\" width=\"802\" height=\"950\" data-id=\"43619\" src=\"https:\/\/mediavoxmagazine.it\/wp-content\/uploads\/2026\/06\/IMG_6618.jpeg\" alt=\"\" class=\"wp-image-43619\" srcset=\"https:\/\/mediavoxmagazine.it\/wp-content\/uploads\/2026\/06\/IMG_6618.jpeg 802w, https:\/\/mediavoxmagazine.it\/wp-content\/uploads\/2026\/06\/IMG_6618-253x300.jpeg 253w, https:\/\/mediavoxmagazine.it\/wp-content\/uploads\/2026\/06\/IMG_6618-768x910.jpeg 768w\" sizes=\"auto, (max-width: 802px) 100vw, 802px\" \/><\/figure>\n\n\n\n<figure class=\"wp-block-image size-large\"><img loading=\"lazy\" decoding=\"async\" width=\"697\" height=\"1024\" data-id=\"43620\" src=\"https:\/\/mediavoxmagazine.it\/wp-content\/uploads\/2026\/06\/IMG_6616-697x1024.jpeg\" alt=\"\" class=\"wp-image-43620\" srcset=\"https:\/\/mediavoxmagazine.it\/wp-content\/uploads\/2026\/06\/IMG_6616-697x1024.jpeg 697w, https:\/\/mediavoxmagazine.it\/wp-content\/uploads\/2026\/06\/IMG_6616-204x300.jpeg 204w, https:\/\/mediavoxmagazine.it\/wp-content\/uploads\/2026\/06\/IMG_6616-768x1128.jpeg 768w, https:\/\/mediavoxmagazine.it\/wp-content\/uploads\/2026\/06\/IMG_6616.jpeg 1035w\" sizes=\"auto, (max-width: 697px) 100vw, 697px\" \/><\/figure>\n<\/figure>\n\n\n\n<p class=\"wp-block-paragraph\">In quella trama di voci e presenze, ogni territorio ha portato il proprio tassello, la propria storia, la propria scintilla. E proprio come accade nei grandi mosaici, la bellezza non \u00e8 nata da un solo colore, ma dall\u2019armonia di tutte le differenze. La gentilezza \u00e8 apparsa cos\u00ec nella sua forma pi\u00f9 autentica: non come parola fragile, ma come architettura dell\u2019anima, come cura quotidiana, come scelta civile e culturale.<\/p>\n\n\n\n<figure class=\"wp-block-image size-large\"><img loading=\"lazy\" decoding=\"async\" width=\"1024\" height=\"408\" src=\"https:\/\/mediavoxmagazine.it\/wp-content\/uploads\/2026\/06\/IMG_6620-1024x408.jpeg\" alt=\"\" class=\"wp-image-43621\" srcset=\"https:\/\/mediavoxmagazine.it\/wp-content\/uploads\/2026\/06\/IMG_6620-1024x408.jpeg 1024w, https:\/\/mediavoxmagazine.it\/wp-content\/uploads\/2026\/06\/IMG_6620-300x119.jpeg 300w, https:\/\/mediavoxmagazine.it\/wp-content\/uploads\/2026\/06\/IMG_6620-768x306.jpeg 768w, https:\/\/mediavoxmagazine.it\/wp-content\/uploads\/2026\/06\/IMG_6620-1536x612.jpeg 1536w, https:\/\/mediavoxmagazine.it\/wp-content\/uploads\/2026\/06\/IMG_6620.jpeg 1600w\" sizes=\"auto, (max-width: 1024px) 100vw, 1024px\" \/><\/figure>\n\n\n\n<p class=\"wp-block-paragraph\">A rappresentare la <strong>Campania Mitis per la Gentilezza<\/strong> \u00e8 stata <strong>Anna Vitiello<\/strong>, referente campana di un percorso che continua a crescere con entusiasmo, sensibilit\u00e0 e visione. Con la sua presenza, ha portato a San Severo un filo conduttore fatto di obiettivi condivisi, relazioni autentiche e progetti gentili, raccontando una Campania che sa farsi comunit\u00e0, accoglienza e speranza.<\/p>\n\n\n\n<figure class=\"wp-block-image size-large\"><img loading=\"lazy\" decoding=\"async\" width=\"760\" height=\"1024\" src=\"https:\/\/mediavoxmagazine.it\/wp-content\/uploads\/2026\/06\/IMG_6619-760x1024.jpeg\" alt=\"\" class=\"wp-image-43622\" srcset=\"https:\/\/mediavoxmagazine.it\/wp-content\/uploads\/2026\/06\/IMG_6619-760x1024.jpeg 760w, https:\/\/mediavoxmagazine.it\/wp-content\/uploads\/2026\/06\/IMG_6619-223x300.jpeg 223w, https:\/\/mediavoxmagazine.it\/wp-content\/uploads\/2026\/06\/IMG_6619-768x1035.jpeg 768w, https:\/\/mediavoxmagazine.it\/wp-content\/uploads\/2026\/06\/IMG_6619.jpeg 926w\" sizes=\"auto, (max-width: 760px) 100vw, 760px\" \/><\/figure>\n\n\n\n<p class=\"wp-block-paragraph\">Accanto a lei erano presenti anche l\u2019<strong>Ambasciatrice di Salerno<\/strong> e <strong>Giovanni Boccia<\/strong>, collaboratore per le relazioni gentili, testimoni di un impegno che non si esaurisce nell\u2019evento, ma si rinnova giorno dopo giorno, nel desiderio di costruire ponti, creare legami e seminare bellezza nei territori.<\/p>\n\n\n\n<p class=\"wp-block-paragraph\">Un ringraziamento speciale va all\u2019<strong>Ambasciatrice Arcangela De Vivo<\/strong>, anima luminosa dell\u2019iniziativa, per l\u2019invito e per la capacit\u00e0 di trasformare San Severo in un luogo di incontro, ascolto e rinascita. La sua opera, radicata nella provincia di Foggia, rappresenta un esempio prezioso di come la gentilezza possa diventare progetto, visione e responsabilit\u00e0 collettiva. Con lei si consolida nel tempo un percorso congiunto, fondato sulla scelta consapevole di una <strong>gentilezza in cammino<\/strong>, capace di attraversare territori e generazioni.<\/p>\n\n\n\n<figure class=\"wp-block-gallery has-nested-images columns-default is-cropped wp-block-gallery-2 is-layout-flex wp-block-gallery-is-layout-flex\">\n<figure class=\"wp-block-image size-large\"><img loading=\"lazy\" decoding=\"async\" width=\"1024\" height=\"768\" data-id=\"43625\" src=\"https:\/\/mediavoxmagazine.it\/wp-content\/uploads\/2026\/06\/IMG_6622-1024x768.jpeg\" alt=\"\" class=\"wp-image-43625\" srcset=\"https:\/\/mediavoxmagazine.it\/wp-content\/uploads\/2026\/06\/IMG_6622-1024x768.jpeg 1024w, https:\/\/mediavoxmagazine.it\/wp-content\/uploads\/2026\/06\/IMG_6622-300x225.jpeg 300w, https:\/\/mediavoxmagazine.it\/wp-content\/uploads\/2026\/06\/IMG_6622-768x576.jpeg 768w, https:\/\/mediavoxmagazine.it\/wp-content\/uploads\/2026\/06\/IMG_6622-1536x1152.jpeg 1536w, https:\/\/mediavoxmagazine.it\/wp-content\/uploads\/2026\/06\/IMG_6622-678x509.jpeg 678w, https:\/\/mediavoxmagazine.it\/wp-content\/uploads\/2026\/06\/IMG_6622-326x245.jpeg 326w, https:\/\/mediavoxmagazine.it\/wp-content\/uploads\/2026\/06\/IMG_6622-80x60.jpeg 80w, https:\/\/mediavoxmagazine.it\/wp-content\/uploads\/2026\/06\/IMG_6622.jpeg 2048w\" sizes=\"auto, (max-width: 1024px) 100vw, 1024px\" \/><\/figure>\n\n\n\n<figure class=\"wp-block-image size-large\"><img loading=\"lazy\" decoding=\"async\" width=\"768\" height=\"1024\" data-id=\"43628\" src=\"https:\/\/mediavoxmagazine.it\/wp-content\/uploads\/2026\/06\/IMG_6623-768x1024.jpeg\" alt=\"\" class=\"wp-image-43628\" srcset=\"https:\/\/mediavoxmagazine.it\/wp-content\/uploads\/2026\/06\/IMG_6623-768x1024.jpeg 768w, https:\/\/mediavoxmagazine.it\/wp-content\/uploads\/2026\/06\/IMG_6623-225x300.jpeg 225w, https:\/\/mediavoxmagazine.it\/wp-content\/uploads\/2026\/06\/IMG_6623-1152x1536.jpeg 1152w, https:\/\/mediavoxmagazine.it\/wp-content\/uploads\/2026\/06\/IMG_6623.jpeg 1536w\" sizes=\"auto, (max-width: 768px) 100vw, 768px\" \/><\/figure>\n\n\n\n<figure class=\"wp-block-image size-large\"><img loading=\"lazy\" decoding=\"async\" width=\"1024\" height=\"646\" data-id=\"43624\" src=\"https:\/\/mediavoxmagazine.it\/wp-content\/uploads\/2026\/06\/IMG_6624-1024x646.jpeg\" alt=\"\" class=\"wp-image-43624\" srcset=\"https:\/\/mediavoxmagazine.it\/wp-content\/uploads\/2026\/06\/IMG_6624-1024x646.jpeg 1024w, https:\/\/mediavoxmagazine.it\/wp-content\/uploads\/2026\/06\/IMG_6624-300x189.jpeg 300w, https:\/\/mediavoxmagazine.it\/wp-content\/uploads\/2026\/06\/IMG_6624-768x484.jpeg 768w, https:\/\/mediavoxmagazine.it\/wp-content\/uploads\/2026\/06\/IMG_6624-1536x968.jpeg 1536w, https:\/\/mediavoxmagazine.it\/wp-content\/uploads\/2026\/06\/IMG_6624.jpeg 1786w\" sizes=\"auto, (max-width: 1024px) 100vw, 1024px\" \/><\/figure>\n\n\n\n<figure class=\"wp-block-image size-large\"><img loading=\"lazy\" decoding=\"async\" width=\"1024\" height=\"942\" data-id=\"43623\" src=\"https:\/\/mediavoxmagazine.it\/wp-content\/uploads\/2026\/06\/IMG_6625-1024x942.jpeg\" alt=\"\" class=\"wp-image-43623\" srcset=\"https:\/\/mediavoxmagazine.it\/wp-content\/uploads\/2026\/06\/IMG_6625-1024x942.jpeg 1024w, https:\/\/mediavoxmagazine.it\/wp-content\/uploads\/2026\/06\/IMG_6625-300x276.jpeg 300w, https:\/\/mediavoxmagazine.it\/wp-content\/uploads\/2026\/06\/IMG_6625-768x707.jpeg 768w, https:\/\/mediavoxmagazine.it\/wp-content\/uploads\/2026\/06\/IMG_6625.jpeg 1536w\" sizes=\"auto, (max-width: 1024px) 100vw, 1024px\" \/><\/figure>\n<\/figure>\n\n\n\n<p class=\"wp-block-paragraph\">Tra i momenti pi\u00f9 suggestivi, anche la presenza dei <strong>Murales Gentili<\/strong>, una realt\u00e0 forte, iconica e profondamente simbolica. I muri, spesso percepiti come confini, diventano qui superfici vive, pagine aperte, luoghi di memoria e speranza. Attraverso colori, immagini e messaggi, i Murales Gentili raccontano che anche l\u2019arte pu\u00f2 prendersi cura delle citt\u00e0, restituendo agli spazi pubblici un\u2019anima nuova e una voce capace di parlare a tutti.<\/p>\n\n\n\n<figure class=\"wp-block-image size-large\"><img loading=\"lazy\" decoding=\"async\" width=\"1024\" height=\"668\" src=\"https:\/\/mediavoxmagazine.it\/wp-content\/uploads\/2026\/06\/IMG_6626-1024x668.jpeg\" alt=\"\" class=\"wp-image-43626\" srcset=\"https:\/\/mediavoxmagazine.it\/wp-content\/uploads\/2026\/06\/IMG_6626-1024x668.jpeg 1024w, https:\/\/mediavoxmagazine.it\/wp-content\/uploads\/2026\/06\/IMG_6626-300x196.jpeg 300w, https:\/\/mediavoxmagazine.it\/wp-content\/uploads\/2026\/06\/IMG_6626-768x501.jpeg 768w, https:\/\/mediavoxmagazine.it\/wp-content\/uploads\/2026\/06\/IMG_6626-1536x1003.jpeg 1536w, https:\/\/mediavoxmagazine.it\/wp-content\/uploads\/2026\/06\/IMG_6626.jpeg 1734w\" sizes=\"auto, (max-width: 1024px) 100vw, 1024px\" \/><\/figure>\n\n\n\n<p class=\"wp-block-paragraph\">Lo sguardo, per\u00f2, non si ferma ai confini nazionali. L\u2019idea \u00e8 quella di ampliare sempre pi\u00f9 questa visione, portando il messaggio della gentilezza anche verso la <strong>nazione maltese<\/strong>, in un dialogo internazionale che possa unire popoli, culture e comunit\u00e0 sotto lo stesso segno di umanit\u00e0. In questo cammino assume un valore particolare anche il <strong>Comune di Cicciano<\/strong>, riconosciuto come una delle realt\u00e0 pi\u00f9 rappresentative e virtuose nel percorso della gentilezza, un vero laboratorio di buone pratiche e di sensibilit\u00e0 condivisa.<\/p>\n\n\n\n<figure class=\"wp-block-gallery has-nested-images columns-default is-cropped wp-block-gallery-3 is-layout-flex wp-block-gallery-is-layout-flex\">\n<figure class=\"wp-block-image size-large\"><img loading=\"lazy\" decoding=\"async\" width=\"768\" height=\"1024\" data-id=\"43627\" src=\"https:\/\/mediavoxmagazine.it\/wp-content\/uploads\/2026\/06\/IMG_6627-768x1024.jpeg\" alt=\"\" class=\"wp-image-43627\" srcset=\"https:\/\/mediavoxmagazine.it\/wp-content\/uploads\/2026\/06\/IMG_6627-768x1024.jpeg 768w, https:\/\/mediavoxmagazine.it\/wp-content\/uploads\/2026\/06\/IMG_6627-225x300.jpeg 225w, https:\/\/mediavoxmagazine.it\/wp-content\/uploads\/2026\/06\/IMG_6627-1152x1536.jpeg 1152w, https:\/\/mediavoxmagazine.it\/wp-content\/uploads\/2026\/06\/IMG_6627.jpeg 1500w\" sizes=\"auto, (max-width: 768px) 100vw, 768px\" \/><\/figure>\n<\/figure>\n\n\n\n<p class=\"wp-block-paragraph\">San Severo ha dimostrato che la gentilezza non \u00e8 debolezza, ma coraggio. Non \u00e8 ornamento, ma fondamento. Non \u00e8 una parola da custodire nei discorsi ufficiali, ma una scelta da abitare, da praticare, da consegnare agli altri come possibilit\u00e0 di rinascita.<\/p>\n\n\n\n<figure class=\"wp-block-image size-large\"><img loading=\"lazy\" decoding=\"async\" width=\"1024\" height=\"768\" src=\"https:\/\/mediavoxmagazine.it\/wp-content\/uploads\/2026\/06\/IMG_6629-1024x768.jpeg\" alt=\"\" class=\"wp-image-43629\" srcset=\"https:\/\/mediavoxmagazine.it\/wp-content\/uploads\/2026\/06\/IMG_6629-1024x768.jpeg 1024w, https:\/\/mediavoxmagazine.it\/wp-content\/uploads\/2026\/06\/IMG_6629-300x225.jpeg 300w, https:\/\/mediavoxmagazine.it\/wp-content\/uploads\/2026\/06\/IMG_6629-768x576.jpeg 768w, https:\/\/mediavoxmagazine.it\/wp-content\/uploads\/2026\/06\/IMG_6629-1536x1152.jpeg 1536w, https:\/\/mediavoxmagazine.it\/wp-content\/uploads\/2026\/06\/IMG_6629-678x509.jpeg 678w, https:\/\/mediavoxmagazine.it\/wp-content\/uploads\/2026\/06\/IMG_6629-326x245.jpeg 326w, https:\/\/mediavoxmagazine.it\/wp-content\/uploads\/2026\/06\/IMG_6629-80x60.jpeg 80w, https:\/\/mediavoxmagazine.it\/wp-content\/uploads\/2026\/06\/IMG_6629.jpeg 2000w\" sizes=\"auto, (max-width: 1024px) 100vw, 1024px\" \/><\/figure>\n\n\n\n<p class=\"wp-block-paragraph\">I complimenti pi\u00f9 sinceri vanno ad <strong>Arcangela De Vivo<\/strong> e a tutte le realt\u00e0 coinvolte per aver saputo valorizzare la gentilezza e la speranza come forze vive di trasformazione. In un tempo che spesso divide, questa rete dimostra che esiste ancora un modo diverso di costruire il futuro: pi\u00f9 umano, pi\u00f9 condiviso, pi\u00f9 luminoso\u2026 Perch\u00e9 quando la gentilezza diventa cura, una citt\u00e0 non resta soltanto un luogo da abitare. Diventa una casa dell\u2019anima, una promessa di bellezza, un seme di futuro piantato nel cuore delle comunit\u00e0.<\/p>\n\n\n\n<p class=\"wp-block-paragraph\"><\/p>\n","protected":false},"excerpt":{"rendered":"<div class=\"mh-excerpt\"><p>Ci sono parole che, quando vengono pronunciate con autenticit\u00e0, non restano sospese nell\u2019aria, ma diventano strada, incontro, gesto, futuro. La gentilezza \u00e8 una di queste. <a class=\"mh-excerpt-more\" href=\"https:\/\/mediavoxmagazine.it\/?p=43617\" title=\"A San Severo la gentilezza diventa cura: il filo luminoso che unisce territori, comunit\u00e0 e speranza\">[&#8230;]<\/a><\/p>\n<\/div>","protected":false},"author":60,"featured_media":43630,"comment_status":"closed","ping_status":"closed","sticky":false,"template":"","format":"standard","meta":{"footnotes":""},"categories":[7],"tags":[983,1016],"class_list":["post-43617","post","type-post","status-publish","format-standard","has-post-thumbnail","hentry","category-cultura","tag-anna-vitiello","tag-costruiamo-gentilezza"],"_links":{"self":[{"href":"https:\/\/mediavoxmagazine.it\/index.php?rest_route=\/wp\/v2\/posts\/43617","targetHints":{"allow":["GET"]}}],"collection":[{"href":"https:\/\/mediavoxmagazine.it\/index.php?rest_route=\/wp\/v2\/posts"}],"about":[{"href":"https:\/\/mediavoxmagazine.it\/index.php?rest_route=\/wp\/v2\/types\/post"}],"author":[{"embeddable":true,"href":"https:\/\/mediavoxmagazine.it\/index.php?rest_route=\/wp\/v2\/users\/60"}],"replies":[{"embeddable":true,"href":"https:\/\/mediavoxmagazine.it\/index.php?rest_route=%2Fwp%2Fv2%2Fcomments&post=43617"}],"version-history":[{"count":2,"href":"https:\/\/mediavoxmagazine.it\/index.php?rest_route=\/wp\/v2\/posts\/43617\/revisions"}],"predecessor-version":[{"id":43632,"href":"https:\/\/mediavoxmagazine.it\/index.php?rest_route=\/wp\/v2\/posts\/43617\/revisions\/43632"}],"wp:featuredmedia":[{"embeddable":true,"href":"https:\/\/mediavoxmagazine.it\/index.php?rest_route=\/wp\/v2\/media\/43630"}],"wp:attachment":[{"href":"https:\/\/mediavoxmagazine.it\/index.php?rest_route=%2Fwp%2Fv2%2Fmedia&parent=43617"}],"wp:term":[{"taxonomy":"category","embeddable":true,"href":"https:\/\/mediavoxmagazine.it\/index.php?rest_route=%2Fwp%2Fv2%2Fcategories&post=43617"},{"taxonomy":"post_tag","embeddable":true,"href":"https:\/\/mediavoxmagazine.it\/index.php?rest_route=%2Fwp%2Fv2%2Ftags&post=43617"}],"curies":[{"name":"wp","href":"https:\/\/api.w.org\/{rel}","templated":true}]}}