{"id":44392,"date":"2026-08-13T08:58:24","date_gmt":"2026-08-13T07:58:24","guid":{"rendered":"https:\/\/mediavoxmagazine.it\/?p=44392"},"modified":"2026-08-14T09:00:48","modified_gmt":"2026-08-14T08:00:48","slug":"avellino-estate-ughi-concerti-ed-eventi-dal-22-luglio-al-6-settembre","status":"publish","type":"post","link":"https:\/\/mediavoxmagazine.it\/?p=44392","title":{"rendered":"Avellino Estate: Ughi, concerti ed eventi dal 22 luglio al 6 settembre"},"content":{"rendered":"\n<p class=\"wp-block-paragraph\">Avellino si accende per l\u2019estate e, al centro di questo risveglio, torna protagonista la <strong>Dogana<\/strong>, monumento simbolo della memoria collettiva avellinese. La sua presenza imponente continua a fare da sfondo e da richiamo per le principali iniziative culturali, rappresentando il legame indissolubile tra il passato glorioso della citt\u00e0 e la sua voglia di futuro. A dare un\u2019impronta di assoluto prestigio al programma estivo nella storica cornice della <strong>Dogana di Piazza Amendola<\/strong>, nell\u2019ambito di <strong>\u201cAvellino Estate in Citt\u00e0\u201d<\/strong>, \u00e8 stata la presenza del Maestro <strong>Uto Ughi<\/strong>, uno dei pi\u00f9 grandi violinisti del panorama internazionale, che insieme ai suoi Friends si \u00e8 esibito regalando alla citt\u00e0 una memorabile interpretazione de <strong>\u201cLe quattro stagioni\u201d di Antonio Vivaldi<\/strong>. Un appuntamento che ha rappresentato la punta di diamante di una programmazione orientata alla qualit\u00e0 culturale, con l\u2019obiettivo di rilanciare e valorizzare il patrimonio artistico e architettonico di Avellino. Le note del grande Maestro, risuonate tra le pietre antiche della citt\u00e0, hanno offerto a cittadini e visitatori una serata di rara suggestione, confermando quanto la grande musica classica possa diventare un autentico volano di attrazione, bellezza e riscoperta urbana. Ospitare <strong>Uto Ughi<\/strong> ad Avellino ha significato anche riaffermare l\u2019impegno dell\u2019Amministrazione nel portare la grande musica e i nomi eccellenti del panorama mondiale nel cuore del Capoluogo. L\u2019evento ha infatti fatto da apripista a un cartellone estivo ricco e variegato, capace di spaziare dalla musica classica ai concerti pop, dal cinema sotto le stelle alla valorizzazione del centro storico, trasformando la citt\u00e0 in un vero e proprio palcoscenico a cielo aperto.<\/p>\n\n\n\n<p class=\"wp-block-paragraph\">La <strong>Dogana<\/strong> e la vicina terrazza continuano cos\u00ec a essere il cuore pulsante dell\u2019estate avellinese, ospitando anche la rassegna <strong>\u201cI tramonti sul Tetto della Dogana\u201d<\/strong>, che vede protagonisti i giovani talenti del <strong>Conservatorio \u201cDomenico Cimarosa\u201d<\/strong>. Con oltre 90 appuntamenti in programma, la stagione estiva propone iniziative pensate per ogni fascia d\u2019et\u00e0 e gusto culturale, coniugando grandi nomi del panorama artistico internazionale con eventi locali legati alla tradizione e all\u2019identit\u00e0 cittadina. Tra questi, anche la storica <strong>Processione dell\u2019Assunta<\/strong>, in programma il 16 agosto. Dal 22 luglio al 6 settembre, dunque, Avellino sceglie di raccontarsi attraverso la musica, la cultura, la memoria e la partecipazione, restituendo centralit\u00e0 ai suoi luoghi simbolo e trasformando l\u2019estate in un\u2019occasione per riscoprire la citt\u00e0, viverla e immaginarne il futuro.<\/p>\n\n\n\n<p class=\"wp-block-paragraph\"><\/p>\n","protected":false},"excerpt":{"rendered":"<div class=\"mh-excerpt\"><p>Avellino si accende per l\u2019estate e, al centro di questo risveglio, torna protagonista la Dogana, monumento simbolo della memoria collettiva avellinese. La sua presenza imponente <a class=\"mh-excerpt-more\" href=\"https:\/\/mediavoxmagazine.it\/?p=44392\" title=\"Avellino Estate: Ughi, concerti ed eventi dal 22 luglio al 6 settembre\">[&#8230;]<\/a><\/p>\n<\/div>","protected":false},"author":56,"featured_media":44393,"comment_status":"closed","ping_status":"closed","sticky":false,"template":"","format":"standard","meta":{"footnotes":""},"categories":[11],"tags":[1419,1420],"class_list":["post-44392","post","type-post","status-publish","format-standard","has-post-thumbnail","hentry","category-eventi","tag-avellino-estate","tag-ughi"],"_links":{"self":[{"href":"https:\/\/mediavoxmagazine.it\/index.php?rest_route=\/wp\/v2\/posts\/44392","targetHints":{"allow":["GET"]}}],"collection":[{"href":"https:\/\/mediavoxmagazine.it\/index.php?rest_route=\/wp\/v2\/posts"}],"about":[{"href":"https:\/\/mediavoxmagazine.it\/index.php?rest_route=\/wp\/v2\/types\/post"}],"author":[{"embeddable":true,"href":"https:\/\/mediavoxmagazine.it\/index.php?rest_route=\/wp\/v2\/users\/56"}],"replies":[{"embeddable":true,"href":"https:\/\/mediavoxmagazine.it\/index.php?rest_route=%2Fwp%2Fv2%2Fcomments&post=44392"}],"version-history":[{"count":1,"href":"https:\/\/mediavoxmagazine.it\/index.php?rest_route=\/wp\/v2\/posts\/44392\/revisions"}],"predecessor-version":[{"id":44394,"href":"https:\/\/mediavoxmagazine.it\/index.php?rest_route=\/wp\/v2\/posts\/44392\/revisions\/44394"}],"wp:featuredmedia":[{"embeddable":true,"href":"https:\/\/mediavoxmagazine.it\/index.php?rest_route=\/wp\/v2\/media\/44393"}],"wp:attachment":[{"href":"https:\/\/mediavoxmagazine.it\/index.php?rest_route=%2Fwp%2Fv2%2Fmedia&parent=44392"}],"wp:term":[{"taxonomy":"category","embeddable":true,"href":"https:\/\/mediavoxmagazine.it\/index.php?rest_route=%2Fwp%2Fv2%2Fcategories&post=44392"},{"taxonomy":"post_tag","embeddable":true,"href":"https:\/\/mediavoxmagazine.it\/index.php?rest_route=%2Fwp%2Fv2%2Ftags&post=44392"}],"curies":[{"name":"wp","href":"https:\/\/api.w.org\/{rel}","templated":true}]}}