{"id":44396,"date":"2026-08-15T08:35:28","date_gmt":"2026-08-15T07:35:28","guid":{"rendered":"https:\/\/mediavoxmagazine.it\/?p=44396"},"modified":"2026-08-15T08:36:18","modified_gmt":"2026-08-15T07:36:18","slug":"franco-simone-il-respiro-della-memoria-arriva-al-mare","status":"publish","type":"post","link":"https:\/\/mediavoxmagazine.it\/?p=44396","title":{"rendered":"Franco Simone, il respiro della memoria arriva al mare"},"content":{"rendered":"\n<pre class=\"wp-block-verse\"><strong><em>MediaVox Magazine sul palco del Concerto con Franco Simone per raccontare una festa che sa di mare e tradizioni, musica e condivisione...<\/em><\/strong><\/pre>\n\n\n\n<figure class=\"wp-block-image size-large\"><img loading=\"lazy\" decoding=\"async\" width=\"1024\" height=\"461\" src=\"https:\/\/mediavoxmagazine.it\/wp-content\/uploads\/2026\/08\/1000955846-1024x461.jpg\" alt=\"\" class=\"wp-image-44404\" srcset=\"https:\/\/mediavoxmagazine.it\/wp-content\/uploads\/2026\/08\/1000955846-1024x461.jpg 1024w, https:\/\/mediavoxmagazine.it\/wp-content\/uploads\/2026\/08\/1000955846-300x135.jpg 300w, https:\/\/mediavoxmagazine.it\/wp-content\/uploads\/2026\/08\/1000955846-768x346.jpg 768w, https:\/\/mediavoxmagazine.it\/wp-content\/uploads\/2026\/08\/1000955846-1536x691.jpg 1536w, https:\/\/mediavoxmagazine.it\/wp-content\/uploads\/2026\/08\/1000955846-2048x922.jpg 2048w\" sizes=\"auto, (max-width: 1024px) 100vw, 1024px\" \/><\/figure>\n\n\n\n<p class=\"wp-block-paragraph\">A Marina di Nocera Terinese, in provincia di Catanzaro, <strong>Franco Simone<\/strong> ha trasformato una notte d\u2019agosto in un incontro ravvicinato con la musica, la memoria e il pubblico. Sullo sfondo della costa tirrenica calabrese, nel cuore della stagione delle feste e delle piazze affollate, il cantautore salentino ha portato in scena un concerto vivo, mobile, sorprendente: mai semplicemente eseguito, sempre reinventato.<\/p>\n\n\n\n<p class=\"wp-block-paragraph\"><strong>Nocera Terinese Marina<\/strong> \u00e8 uno di quei luoghi in cui l\u2019estate non \u00e8 soltanto una stagione, ma una forma di socialit\u00e0. Il mare, le famiglie in vacanza, le tavolate, le feste popolari e le piazze diventano un unico palcoscenico naturale. In questo contesto, <strong>Franco Simone<\/strong> \u00e8 apparso perfettamente a suo agio: artista raffinato, ma mai distante; autore colto, ma capace di parlare a una piazza; interprete di grandi canzoni, ma ancora curioso di ascoltare le reazioni di chi gli sta davanti. Il tratto pi\u00f9 autentico della serata \u00e8 stato forse proprio quello che non si poteva prevedere. Durante i suoi concerti <strong>Franco Simone<\/strong> stravolge spesso la scaletta, segue l\u2019istinto, accoglie le richieste, lascia spazio all\u2019improvvisazione e dialoga con il pubblico. Non esiste una distanza rigida tra palcoscenico e platea: la canzone nasce, si interrompe, riparte, cambia direzione. Tra un brano e l\u2019altro, l\u2019artista si lascia andare agli aneddoti del passato. Sono racconti che restituiscono, senza retorica, tanto le difficolt\u00e0 quanto i successi di una carriera lunga e non sempre accomodata alle logiche del sistema. La sua \u00e8 una memoria personale che diventa memoria collettiva: dietro ogni canzone affiora un\u2019epoca, dietro ogni successo il prezzo di una scelta. Il risultato \u00e8 un concerto non costruito a tavolino, ma costruito sulla relazione. L\u2019empatia non viene dichiarata: si sente. \u00c8 nel modo in cui <strong>Simone<\/strong> ascolta, risponde, sorride, cambia tono e lascia che una frase del pubblico possa modificare il corso della serata.<\/p>\n\n\n\n<blockquote class=\"wp-block-quote is-layout-flow wp-block-quote-is-layout-flow\">\n<figure class=\"wp-block-image size-large\"><img loading=\"lazy\" decoding=\"async\" width=\"1024\" height=\"461\" src=\"https:\/\/mediavoxmagazine.it\/wp-content\/uploads\/2026\/08\/1000955830-1024x461.jpg\" alt=\"\" class=\"wp-image-44407\" srcset=\"https:\/\/mediavoxmagazine.it\/wp-content\/uploads\/2026\/08\/1000955830-1024x461.jpg 1024w, https:\/\/mediavoxmagazine.it\/wp-content\/uploads\/2026\/08\/1000955830-300x135.jpg 300w, https:\/\/mediavoxmagazine.it\/wp-content\/uploads\/2026\/08\/1000955830-768x346.jpg 768w, https:\/\/mediavoxmagazine.it\/wp-content\/uploads\/2026\/08\/1000955830-1536x691.jpg 1536w, https:\/\/mediavoxmagazine.it\/wp-content\/uploads\/2026\/08\/1000955830-2048x922.jpg 2048w\" sizes=\"auto, (max-width: 1024px) 100vw, 1024px\" \/><\/figure>\n\n\n\n<p class=\"wp-block-paragraph\">La storia artistica di <strong>Franco Simone<\/strong> comincia ufficialmente nel 1972, con la vittoria al Festival di Castrocaro. Due anni dopo arriva al Festival di Sanremo con \u201cFiume grande\u201d, brano che gli apre anche una strada internazionale attraverso le versioni francese e spagnola. Poi arrivano \u201cTu\u2026 e cos\u00ec sia\u201d, \u201cRespiro\u201d, \u201cCara droga\u201d, \u201cPaesaggio\u201d, \u201cSogno della galleria\u201d, \u201cTu per me\u201d, \u201cNotte di San Lorenzo\u201d e molti altri titoli che hanno costruito un repertorio riconoscibile, personale, lontano dalle mode passeggere. Il successo all\u2019estero non \u00e8 stato un semplice riflesso di quello italiano. In Argentina, Cile, Per\u00f9 e in altri Paesi dell\u2019America Latina, Franco Simone \u00e8 diventato una voce familiare, spesso pi\u00f9 conosciuta e celebrata di quanto accadesse nel suo Paese. \u201cPaisaje\u201d, versione spagnola di \u201cPaesaggio\u201d, \u00e8 diventata un classico della musica in lingua spagnola, interpretato nel tempo da numerosi artisti. Anche il mercato statunitense ha riconosciuto la sua originalit\u00e0: l\u2019album in spagnolo \u201cLa Ley del Alma y de la Piel\u201d arriv\u00f2 al numero 13 della classifica Billboard, risultato eccezionale per un disco non cantato in inglese. Il soprannome \u201cpoeta con la chitarra\u201d non \u00e8 una definizione ornamentale. Indica una precisa idea di canzone: il testo non serve soltanto a sostenere la melodia, ma \u00e8 il luogo in cui l\u2019artista osserva il desiderio, la perdita, la solitudine, l\u2019impegno civile e il bisogno di verit\u00e0. In \u201cFiume grande\u201d, l\u2019immagine dell\u2019acqua diventa metafora del tempo e dell\u2019impossibilit\u00e0 di trattenere ci\u00f2 che scorre. In \u201cRespiro\u201d, una parola elementare e fisica si trasforma in una dichiarazione d\u2019esistenza: respirare significa ancora esserci, nonostante tutto. In \u201cTu\u2026 e cos\u00ec sia\u201d, l\u2019amore non \u00e8 rappresentato come una promessa rassicurante, ma come una scelta esposta al rischio, alla rinuncia e all\u2019accettazione. \u201cCara droga\u201d mostra invece il lato pi\u00f9 civile della sua scrittura. <\/p>\n\n\n\n<figure class=\"wp-block-image size-large\"><img loading=\"lazy\" decoding=\"async\" width=\"1024\" height=\"461\" src=\"https:\/\/mediavoxmagazine.it\/wp-content\/uploads\/2026\/08\/1000955834-1024x461.jpg\" alt=\"\" class=\"wp-image-44405\" srcset=\"https:\/\/mediavoxmagazine.it\/wp-content\/uploads\/2026\/08\/1000955834-1024x461.jpg 1024w, https:\/\/mediavoxmagazine.it\/wp-content\/uploads\/2026\/08\/1000955834-300x135.jpg 300w, https:\/\/mediavoxmagazine.it\/wp-content\/uploads\/2026\/08\/1000955834-768x346.jpg 768w, https:\/\/mediavoxmagazine.it\/wp-content\/uploads\/2026\/08\/1000955834-1536x691.jpg 1536w, https:\/\/mediavoxmagazine.it\/wp-content\/uploads\/2026\/08\/1000955834-2048x922.jpg 2048w\" sizes=\"auto, (max-width: 1024px) 100vw, 1024px\" \/><\/figure>\n<\/blockquote>\n\n\n\n<p class=\"wp-block-paragraph\"><strong>Simone<\/strong> non usa la canzone per impartire lezioni: mette in scena una ferita, la osserva da vicino e la affida all\u2019ascoltatore. \u00c8 questa la forza della sua poetica: parlare di sentimenti privati senza chiudersi nell\u2019intimismo e affrontare temi sociali senza trasformarli in slogan. Le sue immagini conservano una natura cinematografica. Paesaggi, strade, stanze, notti e citt\u00e0 diventano stati d\u2019animo. La canzone di Simone non racconta soltanto ci\u00f2 che accade: racconta come ci\u00f2 che accade continua a vivere dentro di noi. Il timbro vocale di <strong>Franco Simone<\/strong> \u00e8 riconoscibile per la sua intensit\u00e0 controllata. Non cerca l\u2019effetto muscolare, non ha bisogno di sovraccaricare la frase: lavora sulle sfumature, sulla parola, sulla vibrazione emotiva. La sua voce conserva una componente narrativa molto forte. Anche quando sale verso il registro pi\u00f9 appassionato, non perde mai il senso del racconto. Ogni accento sembra avere una ragione, ogni pausa un sottotesto. \u00c8 una voce che pu\u00f2 essere fragile senza diventare debole e autorevole senza diventare distante. A <strong>Nocera Terinese<\/strong> questa qualit\u00e0 \u00e8 emersa soprattutto nel rapporto con i brani pi\u00f9 amati. Le canzoni non sono state presentate come reliquie di un passato glorioso, ma come organismi ancora capaci di cambiare significato. Il pubblico le conosce, certo, ma <strong>Simone<\/strong> le riapre ogni volta, come si fa con una lettera che contiene ancora qualcosa da dire. <\/p>\n\n\n\n<p class=\"wp-block-paragraph\">Nel corso della serata non \u00e8 mancato un pensiero a <strong>Mia Martini<\/strong>, artista alla quale <strong>Franco Simone<\/strong> ha rivolto un saluto carico di rispetto e partecipazione. Il riferimento ha assunto un valore particolarmente intenso perch\u00e9 entrambi hanno conosciuto il lato pi\u00f9 ingiusto dell\u2019ambiente musicale: quello dell\u2019ostilit\u00e0, dei pregiudizi, delle porte chiuse e delle narrazioni costruite dagli altri. <strong>Simone<\/strong> ha pi\u00f9 volte parlato della propria esperienza di artista osteggiato, accostandola a quella di Mia Martini e di altri grandi interpreti che hanno dovuto affrontare incomprensioni, isolamento e giudizi spesso ingenerosi. Non \u00e8 un confronto cercato per rivendicazione, ma per condivisione: il riconoscimento di una ferita comune e della necessit\u00e0, per chi fa arte, di continuare a restare fedele alla propria voce. Il saluto a <strong>Mia Martini<\/strong>, in una terra cos\u00ec profondamente legata alla sua memoria, ha avuto il tono di una carezza. Nessuna celebrazione enfatica, ma la consapevolezza che alcune vite artistiche continuano a parlarsi anche dopo il silenzio. <strong>Franco Simone<\/strong> appartiene a quella generazione di cantautori la cui carriera ha attraversato festival, classifiche, televisione, mercati internazionali e cambiamenti radicali nel gusto del pubblico, senza rinunciare alla centralit\u00e0 della scrittura. \u00c8 stato popolare senza diventare prevedibile, raffinato senza rinchiudersi in una nicchia. Ha cantato l\u2019amore, ma anche la solitudine, la memoria, la fragilit\u00e0, la droga e la possibilit\u00e0 di ricominciare. Ha portato la canzone italiana oltre i confini nazionali e, soprattutto, ha dimostrato che la semplicit\u00e0 di una melodia pu\u00f2 convivere con la complessit\u00e0 di un pensiero. Gli aneddoti condivisi ieri sera hanno restituito proprio questa traiettoria: gli applausi e le resistenze, le porte aperte e quelle chiuse, gli incontri fortunati e le battaglie silenziose. Una carriera che non si \u00e8 limitata a durare, ma ha continuato a interrogarsi.<\/p>\n\n\n\n<p class=\"wp-block-paragraph\">A <strong>Marina di Nocera Terinese<\/strong>, <strong>Franco Simone <\/strong>ha portato in piazza il suo repertorio, ma anche il suo carattere: l\u2019ironia, la vulnerabilit\u00e0, la memoria, l\u2019istinto e quella libert\u00e0 artistica che gli consente di cambiare strada mentre la canzone \u00e8 gi\u00e0 cominciata. In una notte d\u2019estate, davanti al mare e a un pubblico disposto ad ascoltare, il poeta con la chitarra ha dimostrato che il tempo non cancella le canzoni quando dentro quelle canzoni continua a respirare una persona vera.<\/p>\n\n\n\n<figure class=\"wp-block-image size-large\"><img loading=\"lazy\" decoding=\"async\" width=\"461\" height=\"1024\" src=\"https:\/\/mediavoxmagazine.it\/wp-content\/uploads\/2026\/08\/1000955842-461x1024.jpg\" alt=\"\" class=\"wp-image-44403\" srcset=\"https:\/\/mediavoxmagazine.it\/wp-content\/uploads\/2026\/08\/1000955842-461x1024.jpg 461w, https:\/\/mediavoxmagazine.it\/wp-content\/uploads\/2026\/08\/1000955842-135x300.jpg 135w, https:\/\/mediavoxmagazine.it\/wp-content\/uploads\/2026\/08\/1000955842-768x1707.jpg 768w, https:\/\/mediavoxmagazine.it\/wp-content\/uploads\/2026\/08\/1000955842-691x1536.jpg 691w, https:\/\/mediavoxmagazine.it\/wp-content\/uploads\/2026\/08\/1000955842-922x2048.jpg 922w, https:\/\/mediavoxmagazine.it\/wp-content\/uploads\/2026\/08\/1000955842-scaled.jpg 1152w\" sizes=\"auto, (max-width: 461px) 100vw, 461px\" \/><\/figure>\n\n\n\n<hr class=\"wp-block-separator has-alpha-channel-opacity\"\/>\n\n\n\n<p class=\"wp-block-paragraph\"><\/p>\n","protected":false},"excerpt":{"rendered":"<div class=\"mh-excerpt\"><p>MediaVox Magazine sul palco del Concerto con Franco Simone per raccontare una festa che sa di mare e tradizioni, musica e condivisione&#8230; A Marina di <a class=\"mh-excerpt-more\" href=\"https:\/\/mediavoxmagazine.it\/?p=44396\" title=\"Franco Simone, il respiro della memoria arriva al mare\">[&#8230;]<\/a><\/p>\n<\/div>","protected":false},"author":18,"featured_media":44402,"comment_status":"closed","ping_status":"closed","sticky":false,"template":"","format":"standard","meta":{"footnotes":""},"categories":[5],"tags":[],"class_list":["post-44396","post","type-post","status-publish","format-standard","has-post-thumbnail","hentry","category-musica"],"_links":{"self":[{"href":"https:\/\/mediavoxmagazine.it\/index.php?rest_route=\/wp\/v2\/posts\/44396","targetHints":{"allow":["GET"]}}],"collection":[{"href":"https:\/\/mediavoxmagazine.it\/index.php?rest_route=\/wp\/v2\/posts"}],"about":[{"href":"https:\/\/mediavoxmagazine.it\/index.php?rest_route=\/wp\/v2\/types\/post"}],"author":[{"embeddable":true,"href":"https:\/\/mediavoxmagazine.it\/index.php?rest_route=\/wp\/v2\/users\/18"}],"replies":[{"embeddable":true,"href":"https:\/\/mediavoxmagazine.it\/index.php?rest_route=%2Fwp%2Fv2%2Fcomments&post=44396"}],"version-history":[{"count":7,"href":"https:\/\/mediavoxmagazine.it\/index.php?rest_route=\/wp\/v2\/posts\/44396\/revisions"}],"predecessor-version":[{"id":44408,"href":"https:\/\/mediavoxmagazine.it\/index.php?rest_route=\/wp\/v2\/posts\/44396\/revisions\/44408"}],"wp:featuredmedia":[{"embeddable":true,"href":"https:\/\/mediavoxmagazine.it\/index.php?rest_route=\/wp\/v2\/media\/44402"}],"wp:attachment":[{"href":"https:\/\/mediavoxmagazine.it\/index.php?rest_route=%2Fwp%2Fv2%2Fmedia&parent=44396"}],"wp:term":[{"taxonomy":"category","embeddable":true,"href":"https:\/\/mediavoxmagazine.it\/index.php?rest_route=%2Fwp%2Fv2%2Fcategories&post=44396"},{"taxonomy":"post_tag","embeddable":true,"href":"https:\/\/mediavoxmagazine.it\/index.php?rest_route=%2Fwp%2Fv2%2Ftags&post=44396"}],"curies":[{"name":"wp","href":"https:\/\/api.w.org\/{rel}","templated":true}]}}