{"id":44424,"date":"2026-08-27T22:44:00","date_gmt":"2026-08-27T21:44:00","guid":{"rendered":"https:\/\/mediavoxmagazine.it\/?p=44424"},"modified":"2026-08-28T10:46:44","modified_gmt":"2026-08-28T09:46:44","slug":"cava-book-festival-tre-giorni-tra-libri-arte-e-cultura","status":"publish","type":"post","link":"https:\/\/mediavoxmagazine.it\/?p=44424","title":{"rendered":"Cava Book Festival, tre giorni tra libri, arte e cultura"},"content":{"rendered":"\n<p class=\"wp-block-paragraph\"><\/p>\n\n\n\n<p class=\"wp-block-paragraph\">Dal 4 al 6 settembre Cava de\u2019 Tirreni si trasforma in un grande spazio dedicato alla cultura e alla lettura. A fare da cornice alla nuova edizione del Cava Book Festival sar\u00e0 il suggestivo chiostro quattrocentesco del complesso di San Francesco e Sant\u2019Antonio, luogo che per tre giorni accoglier\u00e0 scrittori, editori, artisti, famiglie e appassionati di libri.<\/p>\n\n\n\n<p class=\"wp-block-paragraph\">Una manifestazione pensata non soltanto per chi ama leggere, ma anche per avvicinare alla cultura nuovi pubblici, con un programma capace di coinvolgere adulti, ragazzi e bambini. Saranno numerose le case editrici presenti, provenienti da diverse regioni italiane, insieme a incontri con gli autori, presentazioni, momenti di confronto, laboratori, letture e occasioni per conoscere e acquistare nuove proposte editoriali.Tra gli ospiti pi\u00f9 attesi figurano Pino Imperatore, che presenter\u00e0 il suo nuovo romanzo I demoni di Pausilypon, e Titti Marrone, giornalista e scrittrice, con Primmammore. Particolarmente significativo sar\u00e0 inoltre l\u2019appuntamento con Maurizio de Giovanni, presidente della giuria del Premio Letterario \u201cVincenzo Russo\u201d, chiamato a premiare i finalisti del concorso dedicato al poeta e autore napoletano.Proprio a Vincenzo Russo, del quale ricorrono quest\u2019anno i 150 anni dalla nascita, sar\u00e0 dedicato uno degli omaggi della manifestazione: una speciale cartolina commemorativa, sulla quale Poste Italiane apporr\u00e0 un annullo filatelico dedicato.Il festival allargher\u00e0 il proprio sguardo anche alle arti visive. Saranno infatti esposte opere dell\u2019artista Vincenzo Vavuso, protagonista di una ricerca originale sui temi della materia, della memoria e dell\u2019informale. Alla fotografia sar\u00e0 invece dedicata la mostra Il passaggio del sacro, firmata da Vincenzo Giaccoli, con la partecipazione di Annachiara Di Salvio.Grande attenzione sar\u00e0 riservata anche ai pi\u00f9 piccoli e alle famiglie. Il festival ospiter\u00e0 iniziative legate al progetto \u201cNati per Leggere\u201d, oltre a laboratori di lettura e attivit\u00e0 di arteterapia, nella convinzione che il rapporto con i libri e con l&#8217;espressione creativa debba nascere fin dall&#8217;infanzia.<\/p>\n\n\n\n<p class=\"wp-block-paragraph\">Il Cava Book Festival si propone cos\u00ec come un appuntamento capace di intrecciare letteratura, memoria, arte e partecipazione, trasformando per tre giorni Cava de\u2019 Tirreni in un punto di incontro per chi considera la cultura non soltanto un patrimonio da custodire, ma soprattutto uno spazio da condividere.<\/p>\n\n\n\n<p class=\"wp-block-paragraph\">La manifestazione si svolge sotto gli auspici del Centro per il libro e la lettura e con il patrocinio morale del Ministero della Cultura, del Consiglio Regionale della Campania e del Comune di Cava de\u2019 Tirreni. A sostenerla sono inoltre la Camera di Commercio di Salerno e la Confesercenti di Cava de\u2019 Tirreni, insieme ad associazioni e realt\u00e0 del settore librario e turistico.Il festival aderisce inoltre alla campagna \u201cPosto Occupato\u201d, dedicata alla sensibilizzazione contro la violenza di genere.<\/p>\n\n\n\n<p class=\"wp-block-paragraph\">Tre giorni, dunque, per incontrarsi intorno ai libri, ascoltare storie, scoprire nuovi autori e lasciarsi attraversare dalle parole. Perch\u00e9 un festival della cultura non \u00e8 soltanto un luogo dove si presentano libri: \u00e8 uno spazio in cui le persone si incontrano e le storie diventano patrimonio comune.<\/p>\n\n\n\n<figure class=\"wp-block-image size-large\"><img loading=\"lazy\" decoding=\"async\" width=\"819\" height=\"1024\" src=\"https:\/\/mediavoxmagazine.it\/wp-content\/uploads\/2026\/08\/IMG-20260828-WA0005-819x1024.jpg\" alt=\"\" class=\"wp-image-44427\" srcset=\"https:\/\/mediavoxmagazine.it\/wp-content\/uploads\/2026\/08\/IMG-20260828-WA0005-819x1024.jpg 819w, https:\/\/mediavoxmagazine.it\/wp-content\/uploads\/2026\/08\/IMG-20260828-WA0005-240x300.jpg 240w, https:\/\/mediavoxmagazine.it\/wp-content\/uploads\/2026\/08\/IMG-20260828-WA0005-768x960.jpg 768w, https:\/\/mediavoxmagazine.it\/wp-content\/uploads\/2026\/08\/IMG-20260828-WA0005.jpg 1122w\" sizes=\"auto, (max-width: 819px) 100vw, 819px\" \/><\/figure>\n","protected":false},"excerpt":{"rendered":"<div class=\"mh-excerpt\"><p>Dal 4 al 6 settembre Cava de\u2019 Tirreni si trasforma in un grande spazio dedicato alla cultura e alla lettura. A fare da cornice alla <a class=\"mh-excerpt-more\" href=\"https:\/\/mediavoxmagazine.it\/?p=44424\" title=\"Cava Book Festival, tre giorni tra libri, arte e cultura\">[&#8230;]<\/a><\/p>\n<\/div>","protected":false},"author":59,"featured_media":44427,"comment_status":"closed","ping_status":"closed","sticky":false,"template":"","format":"standard","meta":{"footnotes":""},"categories":[11],"tags":[],"class_list":["post-44424","post","type-post","status-publish","format-standard","has-post-thumbnail","hentry","category-eventi"],"_links":{"self":[{"href":"https:\/\/mediavoxmagazine.it\/index.php?rest_route=\/wp\/v2\/posts\/44424","targetHints":{"allow":["GET"]}}],"collection":[{"href":"https:\/\/mediavoxmagazine.it\/index.php?rest_route=\/wp\/v2\/posts"}],"about":[{"href":"https:\/\/mediavoxmagazine.it\/index.php?rest_route=\/wp\/v2\/types\/post"}],"author":[{"embeddable":true,"href":"https:\/\/mediavoxmagazine.it\/index.php?rest_route=\/wp\/v2\/users\/59"}],"replies":[{"embeddable":true,"href":"https:\/\/mediavoxmagazine.it\/index.php?rest_route=%2Fwp%2Fv2%2Fcomments&post=44424"}],"version-history":[{"count":3,"href":"https:\/\/mediavoxmagazine.it\/index.php?rest_route=\/wp\/v2\/posts\/44424\/revisions"}],"predecessor-version":[{"id":44428,"href":"https:\/\/mediavoxmagazine.it\/index.php?rest_route=\/wp\/v2\/posts\/44424\/revisions\/44428"}],"wp:featuredmedia":[{"embeddable":true,"href":"https:\/\/mediavoxmagazine.it\/index.php?rest_route=\/wp\/v2\/media\/44427"}],"wp:attachment":[{"href":"https:\/\/mediavoxmagazine.it\/index.php?rest_route=%2Fwp%2Fv2%2Fmedia&parent=44424"}],"wp:term":[{"taxonomy":"category","embeddable":true,"href":"https:\/\/mediavoxmagazine.it\/index.php?rest_route=%2Fwp%2Fv2%2Fcategories&post=44424"},{"taxonomy":"post_tag","embeddable":true,"href":"https:\/\/mediavoxmagazine.it\/index.php?rest_route=%2Fwp%2Fv2%2Ftags&post=44424"}],"curies":[{"name":"wp","href":"https:\/\/api.w.org\/{rel}","templated":true}]}}