{"id":44429,"date":"2026-08-28T14:37:12","date_gmt":"2026-08-28T13:37:12","guid":{"rendered":"https:\/\/mediavoxmagazine.it\/?p=44429"},"modified":"2026-08-28T14:38:26","modified_gmt":"2026-08-28T13:38:26","slug":"x-memorial-armando-ingino-serino-si-ritrova-nel-ricordo-nella-condivisione-e-nella-forza-di-essere-comunita","status":"publish","type":"post","link":"https:\/\/mediavoxmagazine.it\/?p=44429","title":{"rendered":"X Memorial Armando Ingino: Serino si ritrova nel ricordo, nella condivisione e nella forza di essere comunit\u00e0"},"content":{"rendered":"\n<p class=\"wp-block-paragraph\"><strong><mark style=\"background-color:#ffffff\" class=\"has-inline-color has-vivid-red-color\">Tre giorni di sport, giochi, musica ed emozioni in Piazza Ciccarelli. Lo straordinario successo di un paese capace di ritrovarsi, accorciare le distanze e trasformare la memoria di Armando Ingino in un messaggio rivolto al futuro.<\/mark><\/strong><\/p>\n\n\n\n<p class=\"wp-block-paragraph\">Ci sono cose che si vedono con gli occhi, altre, invece, si riconoscono soltanto con il cuore. Ed \u00e8 forse proprio da qui che bisogna partire per raccontare il<strong> X Memorial<\/strong> <strong>Armando Ingino<\/strong>, che dal 25 al 27 agosto ha trasformato Piazza Ciccarelli in qualcosa di pi\u00f9 di un semplice luogo fisico, rendendola uno spazio di incontro tra generazioni, ricordi, sorrisi e appartenenza, dove sport, musica e gioco sono diventati il linguaggio universale attraverso cui un\u2019intera comunit\u00e0 ha scelto di ritrovarsi. Ricordare qualcuno, del resto, non significa semplicemente voltarsi verso ci\u00f2 che \u00e8 stato, ma riuscire a riportare nel presente i valori che quella persona ha saputo lasciare, permettendo loro di continuare a camminare attraverso le persone, le famiglie e, soprattutto, le nuove generazioni. <strong>Armando Ingino<\/strong>, gi\u00e0 sindaco di Serino, \u00e8 stato per la sua comunit\u00e0 molto pi\u00f9 di una figura istituzionale: \u00e8 stato una voce, capace di comprendere quanto una comunit\u00e0 non cresca soltanto attraverso gli atti amministrativi o le opere materiali, ma anche nella capacit\u00e0 di stare insieme, incontrarsi, conoscersi e riconoscersi negli altri. Una voce che aveva intuito quanto gli eventi, la partecipazione e l\u2019aggregazione potessero trasformarsi in strumenti preziosi per costruire un autentico sentimento di appartenenza e che, dieci edizioni dopo, continua simbolicamente a farsi sentire.<\/p>\n\n\n\n<p class=\"wp-block-paragraph\">Il Memorial nasce dalla volont\u00e0 e dall\u2019amore della famiglia <strong>Ingino<\/strong>, che ha saputo compiere qualcosa di straordinariamente difficile e, proprio per questo, meravigliosamente umano: trasformare un ricordo privato in un patrimonio collettivo, facendo della nostalgia non una ferita da custodire in silenzio, ma una luce da condividere con un intero paese. Una luce che in questi tre giorni ha attraversato gli occhi dei bambini, l\u2019entusiasmo dei ragazzi, i sorrisi delle famiglie e l\u2019orgoglio delle frazioni, restituendo a tutti quella spensieratezza che la frenesia quotidiana rischia troppo spesso di sottrarci e ricordandoci quanto possa essere quasi rivoluzionario, oggi, riuscire semplicemente a sorridere insieme.<\/p>\n\n\n\n<figure class=\"wp-block-image size-full\"><img loading=\"lazy\" decoding=\"async\" width=\"946\" height=\"758\" src=\"https:\/\/mediavoxmagazine.it\/wp-content\/uploads\/2026\/08\/ec3dc65d-590f-4bba-8f1f-a6858b61c620.jpeg\" alt=\"\" class=\"wp-image-44431\" srcset=\"https:\/\/mediavoxmagazine.it\/wp-content\/uploads\/2026\/08\/ec3dc65d-590f-4bba-8f1f-a6858b61c620.jpeg 946w, https:\/\/mediavoxmagazine.it\/wp-content\/uploads\/2026\/08\/ec3dc65d-590f-4bba-8f1f-a6858b61c620-300x240.jpeg 300w, https:\/\/mediavoxmagazine.it\/wp-content\/uploads\/2026\/08\/ec3dc65d-590f-4bba-8f1f-a6858b61c620-768x615.jpeg 768w\" sizes=\"auto, (max-width: 946px) 100vw, 946px\" \/><\/figure>\n\n\n\n<p class=\"wp-block-paragraph\">In una societ\u00e0 nella quale sembra diventato sempre pi\u00f9 facile dividersi, il Memorial ha ricordato che si pu\u00f2 ancora scegliere di fare fronte comune, che il sorriso pu\u00f2 costruire ponti in un tempo in cui troppi preferiscono innalzare muri e che la competizione, quando \u00e8 sana, non separa ma insegna il rispetto dell\u2019altro. Perfino attraverso un gioco possono essere trasmessi alcuni dei valori pi\u00f9 grandi della vita: lealt\u00e0, amicizia, collaborazione, sacrificio e appartenenza, elementi che in questi tre giorni hanno trovato una loro espressione concreta e tangibile. \u00c8 stata soprattutto la festa dei giovani, non semplici spettatori o comparse alle quali concedere uno spazio simbolico, ma autentici protagonisti. In questo senso assume un significato ancora pi\u00f9 importante il lavoro del <strong>Forum dei Giovani<\/strong>, presenza fondamentale nell\u2019organizzazione e nell\u2019animazione della manifestazione, perch\u00e9 quando ai ragazzi vengono affidate responsabilit\u00e0, spazi, idee e possibilit\u00e0 concrete di esprimersi non si sta semplicemente organizzando un evento, ma si sta investendo nella comunit\u00e0 che verr\u00e0. Il <strong>Forum dei Giovani<\/strong> ha rappresentato proprio questo: la dimostrazione che le nuove generazioni, quando vengono coinvolte e messe nelle condizioni di partecipare, sanno diventare energia, creativit\u00e0, entusiasmo e senso di appartenenza, non soltanto futuro di Serino, ma parte viva e determinante del suo presente. Dallo sport ai giochi tradizionali, dal villaggio dedicato ai bambini alla caccia al tesoro notturna, dalla musica alla Corrida delle squadre, ogni momento ha contribuito a creare un piccolo universo nel quale generazioni differenti hanno potuto incontrarsi senza barriere, ed \u00e8 forse proprio qui che passato, presente e futuro hanno trovato il loro significato pi\u00f9 profondo: il passato nella memoria di <strong>Armando Ingino<\/strong>, il presente in una comunit\u00e0 che ha scelto di esserci e il futuro negli occhi di quei ragazzi ai quali viene consegnato il compito pi\u00f9 importante, quello di continuare a credere che Serino possa crescere senza perdere la propria anima. Accanto al lavoro della famiglia, delle associazioni e dei volontari, assume un valore centrale il sostegno e la presenza del <strong>Comune di Serino<\/strong>, che ha contribuito a rendere possibile una manifestazione capace di andare ben oltre il semplice momento ricreativo. Le istituzioni trovano forse la loro espressione pi\u00f9 autentica proprio quando riescono a essere vicine alla vita reale delle persone, sostenendo occasioni nelle quali la memoria diventa partecipazione, la tradizione incontra i giovani e il senso di appartenenza si trasforma in un progetto condiviso. L\u2019Amministrazione guidata dal sindaco <strong>Vito Pelosi<\/strong> raccoglie oggi anche questa responsabilit\u00e0, custodendo ci\u00f2 che di prezioso il passato ha consegnato alla comunit\u00e0 e trasformandolo in nuova energia, affinch\u00e9 la memoria non resti qualcosa di immobile, ma possa diventare una delle fondamenta sulle quali costruire una Serino capace di guardare avanti\u2026 Ed \u00e8 significativo che proprio un Memorial dedicato a un ex sindaco trovi oggi nel <strong>Comune di Serino<\/strong> una presenza partecipe e concreta, perch\u00e9 in questo ideale passaggio tra epoche diverse si racchiude forse uno dei messaggi pi\u00f9 belli dell\u2019intera manifestazione: le persone passano, gli incarichi finiscono, le stagioni cambiano, ma ci\u00f2 che viene fatto con autenticit\u00e0 per una comunit\u00e0 pu\u00f2 continuare a generare valore anche molto tempo dopo, soprattutto quando le nuove generazioni scelgono di raccoglierne l\u2019eredit\u00e0 e reinterpretarla con il proprio entusiasmo.<\/p>\n\n\n\n<figure class=\"wp-block-image size-large\"><img loading=\"lazy\" decoding=\"async\" width=\"1024\" height=\"1006\" src=\"https:\/\/mediavoxmagazine.it\/wp-content\/uploads\/2026\/08\/8447d7dd-8965-428d-9b10-cc35ac10ee4e-1024x1006.jpeg\" alt=\"\" class=\"wp-image-44430\" srcset=\"https:\/\/mediavoxmagazine.it\/wp-content\/uploads\/2026\/08\/8447d7dd-8965-428d-9b10-cc35ac10ee4e-1024x1006.jpeg 1024w, https:\/\/mediavoxmagazine.it\/wp-content\/uploads\/2026\/08\/8447d7dd-8965-428d-9b10-cc35ac10ee4e-300x295.jpeg 300w, https:\/\/mediavoxmagazine.it\/wp-content\/uploads\/2026\/08\/8447d7dd-8965-428d-9b10-cc35ac10ee4e-768x755.jpeg 768w, https:\/\/mediavoxmagazine.it\/wp-content\/uploads\/2026\/08\/8447d7dd-8965-428d-9b10-cc35ac10ee4e-1536x1509.jpeg 1536w, https:\/\/mediavoxmagazine.it\/wp-content\/uploads\/2026\/08\/8447d7dd-8965-428d-9b10-cc35ac10ee4e.jpeg 2048w\" sizes=\"auto, (max-width: 1024px) 100vw, 1024px\" \/><\/figure>\n\n\n\n<p class=\"wp-block-paragraph\">Al di l\u00e0 degli spettacoli, dei giochi, delle classifiche e delle iniziative, per\u00f2, l\u2019immagine pi\u00f9 autentica di questi tre giorni resta probabilmente negli occhi delle persone e, in particolare, nella commozione di <strong>Giulia Ingino<\/strong>, perch\u00e9 esistono emozioni che sarebbe quasi ingiusto provare a spiegare fino in fondo. Negli occhi di una figlia che osserva un\u2019intera comunit\u00e0 ricordare suo padre c\u2019\u00e8 qualcosa che supera qualsiasi cerimonia, qualsiasi discorso e qualsiasi riconoscimento ufficiale: c\u2019\u00e8 la consapevolezza che una persona non scompare realmente finch\u00e9 continua a vivere in ci\u00f2 che ha lasciato negli altri e che il privilegio pi\u00f9 grande, forse, \u00e8 accorgersi che il proprio passaggio non sia stato vano, che un\u2019idea continui a camminare e che persino un bambino che non ha mai conosciuto quell\u2019uomo possa, senza saperlo, vivere oggi qualcosa nato anche dai valori che quell\u2019uomo aveva saputo seminare.<\/p>\n\n\n\n<p class=\"wp-block-paragraph\">\u00c8 proprio qui che si trova il premio pi\u00f9 importante del Memorial: la condivisione.<\/p>\n\n\n\n<p class=\"wp-block-paragraph\">Fondamentale, dunque, il contributo dell\u2019<strong>A.S.D. Armando Ingino<\/strong>, del <strong>Forum dei Giovani<\/strong>, del <strong>Comune di Serino<\/strong>, delle associazioni, dei volontari, degli organizzatori, delle famiglie, delle squadre e di tutti coloro che hanno scelto di dedicare tempo, energie e passione a questa decima edizione, perch\u00e9 dietro una manifestazione cos\u00ec partecipata non esistono soltanto programmi e appuntamenti, ma persone che lavorano, collaborano, rinunciano a qualcosa del proprio tempo e decidono di metterlo al servizio degli altri. \u00c8 questa rete umana, ancor prima di quella organizzativa, ad aver regalato a Serino tre giorni intensi, splendidi e profondamente vivi. Alla fine, inevitabilmente, una classifica doveva esserci e a conquistare la vittoria \u00e8 stata la frazione di <strong>San Biagio<\/strong>, che iscrive cos\u00ec il proprio nome nell\u2019albo d\u2019oro della manifestazione, ma fermarsi soltanto al risultato significherebbe non aver compreso fino in fondo ci\u00f2 che Piazza Ciccarelli ha raccontato. In questi tre giorni, infatti, hanno vinto tutte le frazioni di Serino, nelle loro differenze, nelle loro identit\u00e0, nelle loro storie e in quel sano orgoglio di appartenenza che, quando incontra il dialogo, smette di essere distanza e diventa ricchezza.<\/p>\n\n\n\n<figure class=\"wp-block-gallery has-nested-images columns-default is-cropped wp-block-gallery-1 is-layout-flex wp-block-gallery-is-layout-flex\">\n<figure class=\"wp-block-image size-large\"><img loading=\"lazy\" decoding=\"async\" width=\"1024\" height=\"768\" data-id=\"44432\" src=\"https:\/\/mediavoxmagazine.it\/wp-content\/uploads\/2026\/08\/40ec18f3-5adf-43d2-afa8-9ab02de80f03-1024x768.jpeg\" alt=\"\" class=\"wp-image-44432\" srcset=\"https:\/\/mediavoxmagazine.it\/wp-content\/uploads\/2026\/08\/40ec18f3-5adf-43d2-afa8-9ab02de80f03-1024x768.jpeg 1024w, https:\/\/mediavoxmagazine.it\/wp-content\/uploads\/2026\/08\/40ec18f3-5adf-43d2-afa8-9ab02de80f03-300x225.jpeg 300w, https:\/\/mediavoxmagazine.it\/wp-content\/uploads\/2026\/08\/40ec18f3-5adf-43d2-afa8-9ab02de80f03-768x576.jpeg 768w, https:\/\/mediavoxmagazine.it\/wp-content\/uploads\/2026\/08\/40ec18f3-5adf-43d2-afa8-9ab02de80f03-1536x1152.jpeg 1536w, https:\/\/mediavoxmagazine.it\/wp-content\/uploads\/2026\/08\/40ec18f3-5adf-43d2-afa8-9ab02de80f03-678x509.jpeg 678w, https:\/\/mediavoxmagazine.it\/wp-content\/uploads\/2026\/08\/40ec18f3-5adf-43d2-afa8-9ab02de80f03-326x245.jpeg 326w, https:\/\/mediavoxmagazine.it\/wp-content\/uploads\/2026\/08\/40ec18f3-5adf-43d2-afa8-9ab02de80f03-80x60.jpeg 80w, https:\/\/mediavoxmagazine.it\/wp-content\/uploads\/2026\/08\/40ec18f3-5adf-43d2-afa8-9ab02de80f03.jpeg 2048w\" sizes=\"auto, (max-width: 1024px) 100vw, 1024px\" \/><\/figure>\n\n\n\n<figure class=\"wp-block-image size-large\"><img loading=\"lazy\" decoding=\"async\" width=\"768\" height=\"1024\" data-id=\"44433\" src=\"https:\/\/mediavoxmagazine.it\/wp-content\/uploads\/2026\/08\/02deed25-e06b-4a2d-8b88-168872ae5897-768x1024.jpeg\" alt=\"\" class=\"wp-image-44433\" srcset=\"https:\/\/mediavoxmagazine.it\/wp-content\/uploads\/2026\/08\/02deed25-e06b-4a2d-8b88-168872ae5897-768x1024.jpeg 768w, https:\/\/mediavoxmagazine.it\/wp-content\/uploads\/2026\/08\/02deed25-e06b-4a2d-8b88-168872ae5897-225x300.jpeg 225w, https:\/\/mediavoxmagazine.it\/wp-content\/uploads\/2026\/08\/02deed25-e06b-4a2d-8b88-168872ae5897-1152x1536.jpeg 1152w, https:\/\/mediavoxmagazine.it\/wp-content\/uploads\/2026\/08\/02deed25-e06b-4a2d-8b88-168872ae5897.jpeg 1536w\" sizes=\"auto, (max-width: 768px) 100vw, 768px\" \/><\/figure>\n\n\n\n<figure class=\"wp-block-image size-large\"><img loading=\"lazy\" decoding=\"async\" width=\"1024\" height=\"768\" data-id=\"44434\" src=\"https:\/\/mediavoxmagazine.it\/wp-content\/uploads\/2026\/08\/1c596cd8-1a2e-485e-a781-7437b0f56556-1024x768.jpeg\" alt=\"\" class=\"wp-image-44434\" srcset=\"https:\/\/mediavoxmagazine.it\/wp-content\/uploads\/2026\/08\/1c596cd8-1a2e-485e-a781-7437b0f56556-1024x768.jpeg 1024w, https:\/\/mediavoxmagazine.it\/wp-content\/uploads\/2026\/08\/1c596cd8-1a2e-485e-a781-7437b0f56556-300x225.jpeg 300w, https:\/\/mediavoxmagazine.it\/wp-content\/uploads\/2026\/08\/1c596cd8-1a2e-485e-a781-7437b0f56556-768x576.jpeg 768w, https:\/\/mediavoxmagazine.it\/wp-content\/uploads\/2026\/08\/1c596cd8-1a2e-485e-a781-7437b0f56556-1536x1152.jpeg 1536w, https:\/\/mediavoxmagazine.it\/wp-content\/uploads\/2026\/08\/1c596cd8-1a2e-485e-a781-7437b0f56556-678x509.jpeg 678w, https:\/\/mediavoxmagazine.it\/wp-content\/uploads\/2026\/08\/1c596cd8-1a2e-485e-a781-7437b0f56556-326x245.jpeg 326w, https:\/\/mediavoxmagazine.it\/wp-content\/uploads\/2026\/08\/1c596cd8-1a2e-485e-a781-7437b0f56556-80x60.jpeg 80w, https:\/\/mediavoxmagazine.it\/wp-content\/uploads\/2026\/08\/1c596cd8-1a2e-485e-a781-7437b0f56556.jpeg 2048w\" sizes=\"auto, (max-width: 1024px) 100vw, 1024px\" \/><\/figure>\n\n\n\n<figure class=\"wp-block-image size-large\"><img loading=\"lazy\" decoding=\"async\" width=\"765\" height=\"1024\" data-id=\"44435\" src=\"https:\/\/mediavoxmagazine.it\/wp-content\/uploads\/2026\/08\/f1d36a98-a972-4522-a133-ff0d8b1b5c36-765x1024.jpeg\" alt=\"\" class=\"wp-image-44435\" srcset=\"https:\/\/mediavoxmagazine.it\/wp-content\/uploads\/2026\/08\/f1d36a98-a972-4522-a133-ff0d8b1b5c36-765x1024.jpeg 765w, https:\/\/mediavoxmagazine.it\/wp-content\/uploads\/2026\/08\/f1d36a98-a972-4522-a133-ff0d8b1b5c36-224x300.jpeg 224w, https:\/\/mediavoxmagazine.it\/wp-content\/uploads\/2026\/08\/f1d36a98-a972-4522-a133-ff0d8b1b5c36-768x1028.jpeg 768w, https:\/\/mediavoxmagazine.it\/wp-content\/uploads\/2026\/08\/f1d36a98-a972-4522-a133-ff0d8b1b5c36-1148x1536.jpeg 1148w, https:\/\/mediavoxmagazine.it\/wp-content\/uploads\/2026\/08\/f1d36a98-a972-4522-a133-ff0d8b1b5c36.jpeg 1170w\" sizes=\"auto, (max-width: 765px) 100vw, 765px\" \/><\/figure>\n<\/figure>\n\n\n\n<p class=\"wp-block-paragraph\">Serino \u00e8 grande proprio perch\u00e9 custodisce tante identit\u00e0 territoriali differenti e pu\u00f2 diventare ancora pi\u00f9 grande quando quelle identit\u00e0 scelgono di parlarsi, conoscersi, rispettarsi e camminare nella stessa direzione. Forse era proprio questo il significato pi\u00f9 bello dei \u201cGiochi senza frazioni\u201d: cancellare simbolicamente, almeno per qualche giorno, i confini senza cancellare le identit\u00e0, restando <strong>San Biagio<\/strong>, <strong>Sala<\/strong>, <strong>Rivottoli<\/strong>, <strong>Ferrari<\/strong>, <strong>Canale<\/strong> o qualunque altra frazione, portando con orgoglio i propri colori e la propria storia, ma ricordandosi, prima di tutto, di essere Serino, poich\u00e9 appartenere non significa chiudersi dentro un confine, ma sapere da dove si viene per comprendere meglio dove si pu\u00f2 andare insieme.<\/p>\n\n\n\n<p class=\"wp-block-paragraph\">Il tempo passa, recita il messaggio del Memorial, ma le grandi tradizioni restano e restano soprattutto gli uomini capaci di lasciare qualcosa dentro gli altri. Cos\u00ec, mentre le luci della decima edizione si spengono e Piazza Ciccarelli ritorna lentamente alla propria quotidianit\u00e0, qualcosa continua a rimanere acceso: una voce, quella di <strong>Armando Ingino<\/strong>, non consegnata soltanto alla nostalgia di ci\u00f2 che \u00e8 stato, ma capace di continuare a vivere ogni volta che un bambino sorride, un giovane viene reso protagonista, un\u2019associazione sceglie di mettersi al servizio del paese, un\u2019istituzione riesce ad avvicinarsi alle persone e due frazioni, dopo essersi sfidate, riescono ancora a stringersi la mano. Alla fine il trofeo pi\u00f9 bello di questi tre giorni non \u00e8 soltanto quello sollevato da una squadra, ma vedere un padre continuare a vivere negli occhi di una figlia, un ricordo trasformarsi in futuro e un paese ricordarsi ancora una volta che nessuna frazione sar\u00e0 mai abbastanza forte da sola quanto pu\u00f2 esserlo un\u2019intera comunit\u00e0 quando decide di camminare insieme\u2026 Ed \u00e8 proprio l\u00ec, in quell\u2019istante quasi invisibile in cui le distanze si accorciano e resta soltanto la consapevolezza di appartenere alla stessa storia, che Serino riesce forse a mostrare il volto pi\u00f9 autentico e pi\u00f9 bello di s\u00e9.<\/p>\n\n\n\n<p class=\"wp-block-paragraph\"><strong><mark style=\"background-color:#ffffff\" class=\"has-inline-color has-vivid-red-color\">Credito foto: Forum Giovani di Serino<\/mark><\/strong><\/p>\n\n\n\n<p class=\"wp-block-paragraph\"><\/p>\n","protected":false},"excerpt":{"rendered":"<div class=\"mh-excerpt\"><p>Tre giorni di sport, giochi, musica ed emozioni in Piazza Ciccarelli. Lo straordinario successo di un paese capace di ritrovarsi, accorciare le distanze e trasformare <a class=\"mh-excerpt-more\" href=\"https:\/\/mediavoxmagazine.it\/?p=44429\" title=\"X Memorial Armando Ingino: Serino si ritrova nel ricordo, nella condivisione e nella forza di essere comunit\u00e0\">[&#8230;]<\/a><\/p>\n<\/div>","protected":false},"author":60,"featured_media":44436,"comment_status":"closed","ping_status":"closed","sticky":false,"template":"","format":"standard","meta":{"footnotes":""},"categories":[11],"tags":[1097,1421],"class_list":["post-44429","post","type-post","status-publish","format-standard","has-post-thumbnail","hentry","category-eventi","tag-comune-di-serino","tag-memorial-armando-ingino"],"_links":{"self":[{"href":"https:\/\/mediavoxmagazine.it\/index.php?rest_route=\/wp\/v2\/posts\/44429","targetHints":{"allow":["GET"]}}],"collection":[{"href":"https:\/\/mediavoxmagazine.it\/index.php?rest_route=\/wp\/v2\/posts"}],"about":[{"href":"https:\/\/mediavoxmagazine.it\/index.php?rest_route=\/wp\/v2\/types\/post"}],"author":[{"embeddable":true,"href":"https:\/\/mediavoxmagazine.it\/index.php?rest_route=\/wp\/v2\/users\/60"}],"replies":[{"embeddable":true,"href":"https:\/\/mediavoxmagazine.it\/index.php?rest_route=%2Fwp%2Fv2%2Fcomments&post=44429"}],"version-history":[{"count":3,"href":"https:\/\/mediavoxmagazine.it\/index.php?rest_route=\/wp\/v2\/posts\/44429\/revisions"}],"predecessor-version":[{"id":44439,"href":"https:\/\/mediavoxmagazine.it\/index.php?rest_route=\/wp\/v2\/posts\/44429\/revisions\/44439"}],"wp:featuredmedia":[{"embeddable":true,"href":"https:\/\/mediavoxmagazine.it\/index.php?rest_route=\/wp\/v2\/media\/44436"}],"wp:attachment":[{"href":"https:\/\/mediavoxmagazine.it\/index.php?rest_route=%2Fwp%2Fv2%2Fmedia&parent=44429"}],"wp:term":[{"taxonomy":"category","embeddable":true,"href":"https:\/\/mediavoxmagazine.it\/index.php?rest_route=%2Fwp%2Fv2%2Fcategories&post=44429"},{"taxonomy":"post_tag","embeddable":true,"href":"https:\/\/mediavoxmagazine.it\/index.php?rest_route=%2Fwp%2Fv2%2Ftags&post=44429"}],"curies":[{"name":"wp","href":"https:\/\/api.w.org\/{rel}","templated":true}]}}