{"id":44481,"date":"2026-09-01T07:28:11","date_gmt":"2026-09-01T06:28:11","guid":{"rendered":"https:\/\/mediavoxmagazine.it\/?p=44481"},"modified":"2026-09-01T07:28:11","modified_gmt":"2026-09-01T06:28:11","slug":"rara-avis-il-bronzo-contemporaneo-di-antonio-affidato-dialoga-con-la-magna-grecia","status":"publish","type":"post","link":"https:\/\/mediavoxmagazine.it\/?p=44481","title":{"rendered":"\u201cRara Avis\u201d, il bronzo contemporaneo di Antonio Affidato dialoga con la Magna Grecia"},"content":{"rendered":"\n<blockquote class=\"wp-block-quote is-layout-flow wp-block-quote-is-layout-flow\">\n<blockquote class=\"wp-block-quote is-layout-flow wp-block-quote-is-layout-flow\">\n<p class=\"wp-block-paragraph\"><strong>Dal 31 agosto al 18 settembre 2026, a Piazza Paolo Orsi a Reggio Calabria, un nuovo capitolo del progetto dedicato al dialogo tra Magna Grecia e contemporaneit\u00e0. \u201cRara Avis &#8211; Ritratti in bronzo dalla Magna Grecia al contemporaneo\u201d approda al MarRC &#8211; Museo Archeologico Nazionale di Reggio Calabria per una nuova tappa del percorso artistico e di ricerca di Antonio Affidato, dedicato alla rilettura contemporanea del patrimonio storico, mitologico e simbolico della Magna Grecia.<\/strong><\/p>\n\n\n\n<figure class=\"wp-block-image size-large\"><img loading=\"lazy\" decoding=\"async\" width=\"1024\" height=\"756\" src=\"https:\/\/mediavoxmagazine.it\/wp-content\/uploads\/2026\/09\/FB_IMG_1788242528390-1024x756.jpg\" alt=\"\" class=\"wp-image-44522\" srcset=\"https:\/\/mediavoxmagazine.it\/wp-content\/uploads\/2026\/09\/FB_IMG_1788242528390-1024x756.jpg 1024w, https:\/\/mediavoxmagazine.it\/wp-content\/uploads\/2026\/09\/FB_IMG_1788242528390-300x222.jpg 300w, https:\/\/mediavoxmagazine.it\/wp-content\/uploads\/2026\/09\/FB_IMG_1788242528390-768x567.jpg 768w, https:\/\/mediavoxmagazine.it\/wp-content\/uploads\/2026\/09\/FB_IMG_1788242528390-1536x1135.jpg 1536w, https:\/\/mediavoxmagazine.it\/wp-content\/uploads\/2026\/09\/FB_IMG_1788242528390-80x60.jpg 80w, https:\/\/mediavoxmagazine.it\/wp-content\/uploads\/2026\/09\/FB_IMG_1788242528390.jpg 1600w\" sizes=\"auto, (max-width: 1024px) 100vw, 1024px\" \/><\/figure>\n<\/blockquote>\n\n\n\n<p class=\"wp-block-paragraph\">\u201cRara Avis\u201d, il bronzo contemporaneo di Antonio Affidato dialoga con la Magna Grecia | La scelta della sede assume un significato particolarmente intenso: le opere sono esposte in prossimit\u00e0 della sala che custodisce i Bronzi di Riace, capolavori assoluti della bronzistica antica. \u00c8 in questo contesto che la ricerca di Affidato si confronta idealmente con la grande tradizione del passato, intrecciando materia, memoria e tempo.<\/p>\n\n\n\n<p class=\"wp-block-paragraph\">Rara Avis nasce dall\u2019esigenza di osservare la Magna Grecia con uno sguardo nuovo, capace di superare la semplice citazione dell\u2019antico. Il bronzo diventa cos\u00ec uno strumento di interpretazione: attraverso i volti e le figure realizzati dall\u2019artista, miti, simboli e suggestioni della civilt\u00e0 magnogreca tornano a interrogare il presente.Il progetto si sviluppa lungo una linea di equilibrio tra rispetto della storia e libert\u00e0 creativa.<\/p>\n\n\n\n<p class=\"wp-block-paragraph\">Antonio Affidato non riproduce il passato, ma ne raccoglie l\u2019eredit\u00e0 per trasformarla in un linguaggio personale, contemporaneo e riconoscibile. Nelle sue opere la tradizione non \u00e8 un elemento statico, bens\u00ec una materia viva, capace di rinnovarsi attraverso la sensibilit\u00e0 dell\u2019artista e la forza espressiva della scultura.<\/p>\n\n\n\n<p class=\"wp-block-paragraph\">La mostra \u00e8 curata dal professor Daniele Castrizio, archeologo e docente ordinario di numismatica all\u2019Universit\u00e0 di Messina. La sua presenza contribuisce a consolidare il legame tra la ricerca artistica di Affidato e il rigore dello studio storico e archeologico, offrendo al pubblico una chiave di lettura attenta e consapevole.<\/p>\n\n\n\n<p class=\"wp-block-paragraph\">L\u2019esposizione nasce dalla collaborazione con il Museo Archeologico Nazionale di Reggio Calabria e si avvale del patrocinio dell\u2019Accademia di Belle Arti di Reggio Calabria e dell\u2019Accademia di Belle Arti di Catanzaro, istituzioni nelle quali Antonio Affidato svolge la propria attivit\u00e0 di docenza. Un coinvolgimento che conferma la dimensione culturale e formativa del progetto, oltre la sola esperienza espositiva.<\/p>\n\n\n\n<p class=\"wp-block-paragraph\">Nel percorso di Antonio Affidato si ritrova l\u2019eredit\u00e0 di una famiglia profondamente legata all\u2019arte della lavorazione dei metalli preziosi. Un\u2019eredit\u00e0 che richiama anche il nome di Michele Affidato, maestro orafo e fondatore dell\u2019omonima realt\u00e0 artigianale calabrese, conosciuta per la produzione di gioielli, opere di arte sacra e creazioni ispirate alla storia e alla cultura del territorio.<\/p>\n\n\n\n<blockquote class=\"wp-block-quote is-layout-flow wp-block-quote-is-layout-flow\">\n<p class=\"wp-block-paragraph\"><strong>Il marchio Michele Affidato rappresenta una manifattura fondata sulla competenza, sulla cura dei dettagli e sulla continuit\u00e0 della tradizione orafa. Nel lavoro della famiglia, l\u2019artigianalit\u00e0 dialoga con la progettazione contemporanea e con una ricerca costante di forme, materiali e significati. \u00c8 un patrimonio professionale che Antonio reinterpreta nella propria attivit\u00e0 artistica, ampliandone i confini attraverso la scultura e il rapporto con il mondo della cultura.<\/strong><\/p>\n<\/blockquote>\n\n\n\n<p class=\"wp-block-paragraph\">A Reggio Calabria, \u201cRara Avis\u201d trova una collocazione capace di amplificarne il messaggio. Accanto ai Bronzi di Riace, il bronzo contemporaneo di Affidato non pretende di sostituire l\u2019antico n\u00e9 di sovrapporsi ad esso: lo osserva, lo interroga e costruisce un confronto ideale tra epoche diverse.<\/p>\n\n\n\n<p class=\"wp-block-paragraph\">Il valore della mostra risiede proprio nella possibilit\u00e0 di avvicinare il pubblico alla Magna Grecia attraverso una prospettiva nuova. Le opere diventano punti di passaggio tra archeologia e contemporaneit\u00e0, tra memoria collettiva e sensibilit\u00e0 individuale, tra la permanenza della materia e il fluire del tempo.Con \u201cRara Avis\u201d, Antonio Affidato conferma una ricerca coerente e ambiziosa, capace di valorizzare le radici calabresi e magnogreche senza cedere alla retorica. Il risultato \u00e8 un progetto che mette al centro l\u2019arte, la conoscenza e la capacit\u00e0 del bronzo di continuare a parlare, ancora oggi, con una forza intatta.<\/p>\n\n\n\n<hr class=\"wp-block-separator has-alpha-channel-opacity\"\/>\n\n\n\n<figure class=\"wp-block-pullquote\"><blockquote><p><em><strong>Rara Avis \u2013 Ritratti in bronzo dalla Magna Grecia al contemporaneo | Museo Archeologico Nazionale di Reggio Calabria Piazza Paolo Orsi, dal 31 agosto al 18 settembre 2026<\/strong><\/em><\/p><\/blockquote><\/figure>\n\n\n\n<hr class=\"wp-block-separator has-alpha-channel-opacity\"\/>\n<\/blockquote>\n\n\n\n<figure class=\"wp-block-image size-large\"><img loading=\"lazy\" decoding=\"async\" width=\"1024\" height=\"767\" src=\"https:\/\/mediavoxmagazine.it\/wp-content\/uploads\/2026\/09\/1000972289-1024x767.jpg\" alt=\"\" class=\"wp-image-44526\" srcset=\"https:\/\/mediavoxmagazine.it\/wp-content\/uploads\/2026\/09\/1000972289-1024x767.jpg 1024w, https:\/\/mediavoxmagazine.it\/wp-content\/uploads\/2026\/09\/1000972289-300x225.jpg 300w, https:\/\/mediavoxmagazine.it\/wp-content\/uploads\/2026\/09\/1000972289-768x575.jpg 768w, https:\/\/mediavoxmagazine.it\/wp-content\/uploads\/2026\/09\/1000972289-1536x1150.jpg 1536w, https:\/\/mediavoxmagazine.it\/wp-content\/uploads\/2026\/09\/1000972289-678x509.jpg 678w, https:\/\/mediavoxmagazine.it\/wp-content\/uploads\/2026\/09\/1000972289-326x245.jpg 326w, https:\/\/mediavoxmagazine.it\/wp-content\/uploads\/2026\/09\/1000972289-80x60.jpg 80w, https:\/\/mediavoxmagazine.it\/wp-content\/uploads\/2026\/09\/1000972289.jpg 1600w\" sizes=\"auto, (max-width: 1024px) 100vw, 1024px\" \/><\/figure>\n\n\n\n<p class=\"has-text-align-center wp-block-paragraph\"><sub><strong><em>Tutte le foto sono tratte dagli account social di Michele Affidato <\/em><\/strong><\/sub><\/p>\n\n\n\n<hr class=\"wp-block-separator has-alpha-channel-opacity\"\/>\n","protected":false},"excerpt":{"rendered":"<div class=\"mh-excerpt\"><p>Tutte le foto sono tratte dagli account social di Michele Affidato<\/p>\n<\/div>","protected":false},"author":18,"featured_media":44525,"comment_status":"closed","ping_status":"closed","sticky":false,"template":"","format":"standard","meta":{"footnotes":""},"categories":[8],"tags":[],"class_list":["post-44481","post","type-post","status-publish","format-standard","has-post-thumbnail","hentry","category-arte"],"_links":{"self":[{"href":"https:\/\/mediavoxmagazine.it\/index.php?rest_route=\/wp\/v2\/posts\/44481","targetHints":{"allow":["GET"]}}],"collection":[{"href":"https:\/\/mediavoxmagazine.it\/index.php?rest_route=\/wp\/v2\/posts"}],"about":[{"href":"https:\/\/mediavoxmagazine.it\/index.php?rest_route=\/wp\/v2\/types\/post"}],"author":[{"embeddable":true,"href":"https:\/\/mediavoxmagazine.it\/index.php?rest_route=\/wp\/v2\/users\/18"}],"replies":[{"embeddable":true,"href":"https:\/\/mediavoxmagazine.it\/index.php?rest_route=%2Fwp%2Fv2%2Fcomments&post=44481"}],"version-history":[{"count":7,"href":"https:\/\/mediavoxmagazine.it\/index.php?rest_route=\/wp\/v2\/posts\/44481\/revisions"}],"predecessor-version":[{"id":44527,"href":"https:\/\/mediavoxmagazine.it\/index.php?rest_route=\/wp\/v2\/posts\/44481\/revisions\/44527"}],"wp:featuredmedia":[{"embeddable":true,"href":"https:\/\/mediavoxmagazine.it\/index.php?rest_route=\/wp\/v2\/media\/44525"}],"wp:attachment":[{"href":"https:\/\/mediavoxmagazine.it\/index.php?rest_route=%2Fwp%2Fv2%2Fmedia&parent=44481"}],"wp:term":[{"taxonomy":"category","embeddable":true,"href":"https:\/\/mediavoxmagazine.it\/index.php?rest_route=%2Fwp%2Fv2%2Fcategories&post=44481"},{"taxonomy":"post_tag","embeddable":true,"href":"https:\/\/mediavoxmagazine.it\/index.php?rest_route=%2Fwp%2Fv2%2Ftags&post=44481"}],"curies":[{"name":"wp","href":"https:\/\/api.w.org\/{rel}","templated":true}]}}