{"id":44528,"date":"2026-09-01T11:23:08","date_gmt":"2026-09-01T10:23:08","guid":{"rendered":"https:\/\/mediavoxmagazine.it\/?p=44528"},"modified":"2026-09-01T11:37:42","modified_gmt":"2026-09-01T10:37:42","slug":"quando-la-gentilezza-e-la-pace-diventano-poesia-il-concorso-internazionale-che-unisce-tutti","status":"publish","type":"post","link":"https:\/\/mediavoxmagazine.it\/?p=44528","title":{"rendered":"Quando la Gentilezza e la Pace diventano poesia: il concorso internazionale che unisce tutti"},"content":{"rendered":"\n<p class=\"wp-block-paragraph\"><strong><mark style=\"background-color:#ffffff\" class=\"has-inline-color has-vivid-red-color\">La dott.ssa Arcangela De Vivo, Ambasciatrice della Gentilezza delle Terre di Capitanata in Puglia e ideatrice del Concorso, racconta la seconda edizione de \u201cLa Gentilezza e la Pace in versi\u201d. Un progetto che, attraverso poesia, partecipazione e condivisione, riaccende il legame tra le Terre Vesuviane e la Capitanata, protagoniste nel 2024 dell\u2019esperienza di Capitale in rete della Gentilezza.<\/mark><\/strong><\/p>\n\n\n\n<p class=\"wp-block-paragraph\">Ci sono parole che non si limitano a essere pronunciate, perch\u00e9 possiedono la forza silenziosa di trasformarsi in gesti, relazioni, ponti tra persone e territori. Parole capaci di uscire dalle pagine e diventare comunit\u00e0. <strong>Gentilezza<\/strong> e <strong>Pace<\/strong> appartengono certamente a questa dimensione: due valori che sembrano raccontarsi separatamente e che, invece, trovano il proprio significato pi\u00f9 autentico proprio quando camminano insieme. \u00c8 da questa consapevolezza che prende forma la seconda edizione del <strong>Concorso Internazionale di Poesia \u201cLa Gentilezza e la Pace in versi\u201d<\/strong>, promosso dall\u2019Associazione <strong>\u201cGentilezza \u00e8 Cultura\u201d di San Severo<\/strong>, un\u2019iniziativa che pone al centro <strong>Pace, Amore, Ospitalit\u00e0 e Condivisione<\/strong> e che quest\u2019anno amplia ulteriormente i propri orizzonti, aprendosi ad autori italiani e stranieri, con scadenza fissata al <strong>20 settembre 2026<\/strong>.<\/p>\n\n\n\n<figure class=\"wp-block-image size-large\"><img loading=\"lazy\" decoding=\"async\" width=\"682\" height=\"1024\" src=\"https:\/\/mediavoxmagazine.it\/wp-content\/uploads\/2026\/09\/b60dc998-7083-43a0-b34d-375e252a0742-1-682x1024.jpeg\" alt=\"\" class=\"wp-image-44531\" srcset=\"https:\/\/mediavoxmagazine.it\/wp-content\/uploads\/2026\/09\/b60dc998-7083-43a0-b34d-375e252a0742-1-682x1024.jpeg 682w, https:\/\/mediavoxmagazine.it\/wp-content\/uploads\/2026\/09\/b60dc998-7083-43a0-b34d-375e252a0742-1-200x300.jpeg 200w, https:\/\/mediavoxmagazine.it\/wp-content\/uploads\/2026\/09\/b60dc998-7083-43a0-b34d-375e252a0742-1-768x1152.jpeg 768w, https:\/\/mediavoxmagazine.it\/wp-content\/uploads\/2026\/09\/b60dc998-7083-43a0-b34d-375e252a0742-1.jpeg 787w\" sizes=\"auto, (max-width: 682px) 100vw, 682px\" \/><\/figure>\n\n\n\n<p class=\"wp-block-paragraph\">A raccontarne significato, radici e prospettive \u00e8 la <strong>dott.ssa Arcangela De Vivo<\/strong>, Ambasciatrice della Gentilezza delle Terre di Capitanata, in Puglia, nonch\u00e9 <strong>ideatrice del Concorso<\/strong>, che pone immediatamente l\u2019accento sulla profonda connessione esistente tra le due parole protagoniste dell\u2019iniziativa. <em>\u00abO, per meglio dire, della Gentilezza e della Pace, perch\u00e9 le due cose non possono essere considerate separatamente: l\u2019una non pu\u00f2 prescindere dall\u2019altra e non pu\u00f2 esistere senza di essa\u00bb<\/em>, sottolinea <strong>Arcangela De Vivo<\/strong>. Ed \u00e8 forse proprio da questa visione che bisogna partire per comprendere un progetto che va ben oltre la dimensione di una competizione letteraria: la poesia diventa infatti il linguaggio attraverso il quale mettere in comunicazione sensibilit\u00e0 diverse, avvicinare generazioni, raccontare esperienze e continuare a tessere quella trama di relazioni che negli anni ha saputo unire territori geograficamente distanti ma accomunati dallo stesso desiderio di costruire.<\/p>\n\n\n\n<p class=\"wp-block-paragraph\">Un legame che affonda le proprie radici anche nel percorso condiviso tra <strong>le Terre Vesuviane e le Terre della Capitanata, <\/strong>nella<strong> Daunia<\/strong>, protagoniste nel <strong>2024<\/strong> dell\u2019esperienza di <strong>Capitale in rete della Gentilezza<\/strong>. Un incontro tra comunit\u00e0 che ha dimostrato come i confini geografici possano perdere consistenza quando idee, valori e persone decidono di muoversi nella stessa direzione. <em>\u00abSiamo sempre pi\u00f9 convinti che la costruzione di una rete rappresenti un passaggio fondamentale per favorire la crescita delle diverse comunit\u00e0 e promuovere un autentico interscambio di esperienze, idee e progettualit\u00e0\u00bb<\/em>, dichiara <strong>Arcangela De Vivo<\/strong>, evidenziando come il lavoro condiviso possa diventare uno degli strumenti pi\u00f9 efficaci per sottrarre la Gentilezza alla dimensione della semplice enunciazione e trasformarla in una pratica quotidiana, concreta e collettiva. La seconda edizione del Concorso diventa cos\u00ec anche l\u2019occasione per <strong>rilanciare il dialogo tra la Capitanata e le Terre Vesuviane<\/strong>, riprendendo il filo di un percorso che aveva trovato nel 2024 una delle sue espressioni pi\u00f9 significative e proiettandolo verso nuove esperienze di collaborazione.<\/p>\n\n\n\n<p class=\"wp-block-paragraph\">In questa prospettiva assume particolare valore la presenza nella Commissione di <strong>Anna Vitiello<\/strong>, Ambasciatrice alla Gentilezza delle Terre Vesuviane, che ha accolto l\u2019invito a prendere parte al progetto. La giuria, chiamata a valutare le opere in forma rigorosamente anonima, sar\u00e0 presieduta da <strong>Paola Marino<\/strong> e composta inoltre da <strong>Lucrezia Campaniello, Maria Francesca Stefanelli e Maria Antonietta Tella<\/strong>; finalisti e vincitori riceveranno comunicazione entro il <strong>30 ottobre 2026<\/strong>.&nbsp; <em>\u00abQuesta collaborazione vuole rappresentare un primo passo verso la ripresa delle attivit\u00e0 condivise tra le Terre Vesuviane e la Capitanata, con l\u2019obiettivo di rilanciare, anche sul territorio nazionale, il forte connubio costruito negli scorsi anni\u00bb<\/em>, prosegue <strong>De Vivo<\/strong>, restituendo cos\u00ec alla presenza di Anna Vitiello un valore che supera quello puramente tecnico della giuria e assume il significato simbolico di una rete che torna a incontrarsi, riconoscersi e progettare.<\/p>\n\n\n\n<p class=\"wp-block-paragraph\">Ed \u00e8 proprio in questa capacit\u00e0 di mettere in relazione mondi differenti che la poesia smette definitivamente di essere soltanto esercizio letterario e si trasforma in <strong>luogo d\u2019ascolto, possibilit\u00e0 di espressione, spazio di incontro e, talvolta, occasione di riscatto<\/strong>. Il Concorso \u00e8 infatti articolato nelle sezioni <strong>Poesia adulti, Poesia giovani fino ai 18 anni e Casa circondariale<\/strong>, aprendo le proprie porte a persone, et\u00e0 ed esperienze profondamente differenti. Gli autori possono partecipare con un massimo di due componimenti, ciascuno non superiore ai trentasei versi, dedicati ai temi della Gentilezza, della Pace, dell\u2019Amore, dell\u2019Ospitalit\u00e0 e della Condivisione.&nbsp; Particolarmente significativa \u00e8 proprio l\u2019attenzione rivolta agli <strong>ospiti delle case circondariali<\/strong>, ai quali viene offerta gratuitamente la possibilit\u00e0 di affidare alla parola poetica pensieri, esperienze ed emozioni. <em>\u00abAbbiamo ritenuto opportuno offrire anche agli ospiti delle case circondariali la possibilit\u00e0 di partecipare al concorso di poesia\u00bb<\/em>, spiega la dottoressa, richiamando uno dei significati pi\u00f9 profondi della scrittura: riuscire a trasformare la parola in racconto di s\u00e9, consapevolezza, relazione e, in alcuni casi, possibilit\u00e0 di guardare oltre il proprio presente. Altrettanto importante \u00e8 l\u2019attenzione dedicata ai <strong>giovani<\/strong>, perch\u00e9 \u00e8 proprio attraverso le nuove generazioni che valori come la Gentilezza e la Pace possono smettere di essere concetti astratti per diventare educazione alla relazione, rispetto dell\u2019altro e senso autentico della comunit\u00e0. Per la <strong>sezione Poesia giovani<\/strong> e per quella dedicata alla <strong>Casa circondariale<\/strong> non \u00e8 previsto alcun contributo di partecipazione, mentre per la sezione adulti il bando stabilisce una quota di adesione di <strong>15 euro<\/strong>.&nbsp; L\u2019intero progetto si inserisce inoltre nell\u2019ambito del <strong>Progetto Nazionale \u201cCostruiamo Gentilezza\u201d<\/strong> e nella rete di collaborazioni istituzionali e associative indicate nel bando, rafforzando ulteriormente l\u2019idea di una Gentilezza capace di uscire dalla dimensione individuale per trasformarsi in un vero processo culturale e sociale.<\/p>\n\n\n\n<p class=\"wp-block-paragraph\">La cerimonia conclusiva di premiazione \u00e8 prevista per il <strong>13 novembre 2026 a San Severo, presso l<\/strong>a <strong>Palazzina Liberty<\/strong>. Al primo, secondo e terzo classificato saranno assegnati riconoscimenti accompagnati da attestato e motivazione, mentre l\u2019organizzazione si riserva la possibilit\u00e0 di conferire ulteriori riconoscimenti speciali. <strong>Maria Teresa Infante La Marca<\/strong>, poeta e scrittrice, figura quale Presidente del Concorso, mentre <strong>Arcangela De Vivo<\/strong> \u00e8 indicata nel bando quale ideatrice dell\u2019iniziativa.\u00a0 Dietro date, regolamenti, giurie e premiazioni, tuttavia, rimane soprattutto una scelta umana: quella di mettere gratuitamente tempo, competenze ed energie al servizio di un\u2019idea nella quale si crede. <em>\u00abTeniamo a sottolineare la natura volontaria di tutte le nostre attivit\u00e0, portate avanti con impegno, passione e spirito di servizio\u00bb<\/em>, conclude <strong>Arcangela De Vivo<\/strong>\u2026 Ed \u00e8 forse proprio in queste parole che si trova l\u2019anima pi\u00f9 autentica dell\u2019intero progetto, perch\u00e9 la <strong>Gentilezza<\/strong>, prima ancora di essere raccontata, deve essere scelta; la <strong>Pace<\/strong>, prima ancora di diventare un grande ideale, deve imparare ad abitare i gesti quotidiani; e la poesia, con la sua capacit\u00e0 di attraversare muri, distanze, et\u00e0 e condizioni sociali differenti, pu\u00f2 diventare uno dei luoghi nei quali queste due parole tornano finalmente a incontrarsi. Cos\u00ec la <strong>Capitanata e le Terre Vesuviane<\/strong> tornano idealmente a tendersi la mano, mentre da San Severo parte un messaggio destinato ad andare molto pi\u00f9 lontano: fare in modo che la Gentilezza diventi parola, che la parola diventi poesia e che la poesia possa trasformarsi in un messaggio di Pace capace di attraversare territori, generazioni e storie\u2026 Perch\u00e9 quando una rete nasce dal desiderio autentico di costruire e condividere, le distanze smettono di essere confini e diventano ponti e ogni verso, pu\u00f2 essere il primo passo per attraversarli!<\/p>\n\n\n\n<figure class=\"wp-block-image size-large\"><img loading=\"lazy\" decoding=\"async\" width=\"1024\" height=\"690\" src=\"https:\/\/mediavoxmagazine.it\/wp-content\/uploads\/2026\/09\/IMG_8512-1024x690.jpeg\" alt=\"\" class=\"wp-image-44529\" srcset=\"https:\/\/mediavoxmagazine.it\/wp-content\/uploads\/2026\/09\/IMG_8512-1024x690.jpeg 1024w, https:\/\/mediavoxmagazine.it\/wp-content\/uploads\/2026\/09\/IMG_8512-300x202.jpeg 300w, https:\/\/mediavoxmagazine.it\/wp-content\/uploads\/2026\/09\/IMG_8512-768x517.jpeg 768w, https:\/\/mediavoxmagazine.it\/wp-content\/uploads\/2026\/09\/IMG_8512.jpeg 1179w\" sizes=\"auto, (max-width: 1024px) 100vw, 1024px\" \/><\/figure>\n","protected":false},"excerpt":{"rendered":"<div class=\"mh-excerpt\"><p>La dott.ssa Arcangela De Vivo, Ambasciatrice della Gentilezza delle Terre di Capitanata in Puglia e ideatrice del Concorso, racconta la seconda edizione de \u201cLa Gentilezza <a class=\"mh-excerpt-more\" href=\"https:\/\/mediavoxmagazine.it\/?p=44528\" title=\"Quando la Gentilezza e la Pace diventano poesia: il concorso internazionale che unisce tutti\">[&#8230;]<\/a><\/p>\n<\/div>","protected":false},"author":60,"featured_media":44533,"comment_status":"closed","ping_status":"closed","sticky":false,"template":"","format":"standard","meta":{"footnotes":""},"categories":[7],"tags":[1016],"class_list":["post-44528","post","type-post","status-publish","format-standard","has-post-thumbnail","hentry","category-cultura","tag-costruiamo-gentilezza"],"_links":{"self":[{"href":"https:\/\/mediavoxmagazine.it\/index.php?rest_route=\/wp\/v2\/posts\/44528","targetHints":{"allow":["GET"]}}],"collection":[{"href":"https:\/\/mediavoxmagazine.it\/index.php?rest_route=\/wp\/v2\/posts"}],"about":[{"href":"https:\/\/mediavoxmagazine.it\/index.php?rest_route=\/wp\/v2\/types\/post"}],"author":[{"embeddable":true,"href":"https:\/\/mediavoxmagazine.it\/index.php?rest_route=\/wp\/v2\/users\/60"}],"replies":[{"embeddable":true,"href":"https:\/\/mediavoxmagazine.it\/index.php?rest_route=%2Fwp%2Fv2%2Fcomments&post=44528"}],"version-history":[{"count":3,"href":"https:\/\/mediavoxmagazine.it\/index.php?rest_route=\/wp\/v2\/posts\/44528\/revisions"}],"predecessor-version":[{"id":44535,"href":"https:\/\/mediavoxmagazine.it\/index.php?rest_route=\/wp\/v2\/posts\/44528\/revisions\/44535"}],"wp:featuredmedia":[{"embeddable":true,"href":"https:\/\/mediavoxmagazine.it\/index.php?rest_route=\/wp\/v2\/media\/44533"}],"wp:attachment":[{"href":"https:\/\/mediavoxmagazine.it\/index.php?rest_route=%2Fwp%2Fv2%2Fmedia&parent=44528"}],"wp:term":[{"taxonomy":"category","embeddable":true,"href":"https:\/\/mediavoxmagazine.it\/index.php?rest_route=%2Fwp%2Fv2%2Fcategories&post=44528"},{"taxonomy":"post_tag","embeddable":true,"href":"https:\/\/mediavoxmagazine.it\/index.php?rest_route=%2Fwp%2Fv2%2Ftags&post=44528"}],"curies":[{"name":"wp","href":"https:\/\/api.w.org\/{rel}","templated":true}]}}