{"id":44584,"date":"2026-09-02T20:18:20","date_gmt":"2026-09-02T19:18:20","guid":{"rendered":"https:\/\/mediavoxmagazine.it\/?p=44584"},"modified":"2026-09-02T20:18:20","modified_gmt":"2026-09-02T19:18:20","slug":"cava-book-festival-dal-4-al-6-settembre-il-chiostro-di-san-francesco-diventa-la-casa-delle-storie","status":"publish","type":"post","link":"https:\/\/mediavoxmagazine.it\/?p=44584","title":{"rendered":"Cava Book Festival: dal 4 al 6 settembre il Chiostro di San Francesco diventa la casa delle storie"},"content":{"rendered":"\n<p class=\"wp-block-paragraph\">Nel cuore della citt\u00e0, nella prestigiosa cornice di Palazzo di Citt\u00e0, ha preso ufficialmente il via il sogno del <strong>Cava Book Festival<\/strong>. \u00c8 stato presentato il ricco programma delle iniziative che, dal 4 al 6 settembre, animeranno la splendida cornice del Chiostro di San Francesco, trasformandolo in un luogo di incontro, cultura, dialogo e condivisione. Dopo i saluti istituzionali, la presentazione \u00e8 entrata nel cuore del progetto attraverso il racconto delle realt\u00e0, delle persone e delle idee che hanno contribuito a costruire questa importante iniziativa culturale. Un significativo contributo \u00e8 stato offerto da <strong>Paola La Valle<\/strong>, per l\u2019Associazione Culturale Nessuno e Centomila \u2013 Officina Creativa, che ha illustrato le attivit\u00e0 e le finalit\u00e0 dell\u2019Associazione, da sempre impegnata nella promozione della cultura e della lettura e nella realizzazione di importanti progetti culturali, tra cui il <strong>Cava Book Festival<\/strong> e il Castel di Carta \u2013 Premio Vincenzo Russo. Spazio anche ai diversi linguaggi che caratterizzeranno il Festival: dalla cultura alla letteratura, dalla fotografia agli incontri con gli autori. <strong>Franco Bruno Vitolo<\/strong> ha presentato il progetto artistico legato al Festival e al tema \u201cLa cultura che rinasce\u201d, mentre <strong>Francesco Grillo<\/strong>, giornalista e blogger, ha raccontato il format del \u201cGiardino degli Autori\u201d, uno spazio pensato per favorire un dialogo pi\u00f9 diretto, informale e autentico tra autori e pubblico. La fotografia avr\u00e0 il suo spazio grazie al contributo di <strong>Enrico Sorrentino<\/strong> e alla collaborazione di Cava From Hills, attraverso uno sguardo dedicato al territorio, alla memoria e all\u2019identit\u00e0 della citt\u00e0. Particolare attenzione sar\u00e0 rivolta anche ai bambini e alle famiglie. <strong>Verdiana Mallaro<\/strong>, Presidente dell\u2019Associazione Cresciamo a Cava, ha illustrato le attivit\u00e0 dedicate ai pi\u00f9 piccoli, con laboratori, momenti di confronto per le famiglie e percorsi di avvicinamento alla lettura e alla cultura. Di grande valore anche il contributo di <strong>Valeria Milone<\/strong>, volontaria di Nati per Leggere \u2013 Arte Terapia, che ha richiamato l\u2019importanza della lettura condivisa fin dalla prima infanzia, del rapporto tra bambino, adulto e libro e della creativit\u00e0 come strumento di relazione e crescita. Il Festival ospiter\u00e0 inoltre uno degli appuntamenti pi\u00f9 attesi: il Castel di Carta \u2013 Premio <strong>Vincenzo Russo<\/strong> 2026, con la presentazione della cerimonia di premiazione e il riconoscimento dedicato alla memoria di <strong>Vincenzo Russo<\/strong>. Tra le iniziative presentate, un posto speciale merita \u201cLa Casetta dei Libri Liberi\u201d, illustrata da <strong>Ester Cherri<\/strong>, Presidente dell\u2019Associazione I Bravi Maestri \u201cS. Calderazzo\u201d APS. Un piccolo, grande luogo di libert\u00e0 e condivisione, ispirato a un\u2019idea semplice e bellissima: \u201cPrendi un libro. Lascia un libro.\u201d Un invito a far circolare liberamente i libri, a donarli, condividerli e permettere alle storie di continuare il loro viaggio nelle mani e nel cuore di nuovi lettori.<\/p>\n\n\n\n<p class=\"wp-block-paragraph\">Il <strong>Cava Book Festival<\/strong> \u00e8 reso possibile anche grazie al sostegno economico della Camera di Commercio di Salerno e della Confesercenti di Cava de\u2019 Tirreni, nonch\u00e9 al patrocinio morale del Ministero della Cultura, del Consiglio Regionale della Campania e del Comune di Cava de\u2019 Tirreni. Adesso il conto alla rovescia pu\u00f2 davvero cominciare. Dal 4 al 6 settembre il Chiostro di San Francesco sar\u00e0 la casa delle storie, delle parole, degli incontri e delle emozioni. Il <strong>Cava Book Festival<\/strong> si prepara cos\u00ec ad accogliere pubblico, autori e appassionati in tre giornate dedicate alla cultura e alla condivisione\u2026 Perch\u00e9 leggere significa incontrarsi, condividere, scoprire nuovi mondi. E perch\u00e9 ogni libro, quando passa di mano in mano, pu\u00f2 rendere tutti un po\u2019 pi\u00f9 vicini.<\/p>\n","protected":false},"excerpt":{"rendered":"<div class=\"mh-excerpt\"><p>Nel cuore della citt\u00e0, nella prestigiosa cornice di Palazzo di Citt\u00e0, ha preso ufficialmente il via il sogno del Cava Book Festival. \u00c8 stato presentato <a class=\"mh-excerpt-more\" href=\"https:\/\/mediavoxmagazine.it\/?p=44584\" title=\"Cava Book Festival: dal 4 al 6 settembre il Chiostro di San Francesco diventa la casa delle storie\">[&#8230;]<\/a><\/p>\n<\/div>","protected":false},"author":60,"featured_media":44585,"comment_status":"closed","ping_status":"closed","sticky":false,"template":"","format":"standard","meta":{"footnotes":""},"categories":[7,11],"tags":[1425],"class_list":["post-44584","post","type-post","status-publish","format-standard","has-post-thumbnail","hentry","category-cultura","category-eventi","tag-cava-book-festival"],"_links":{"self":[{"href":"https:\/\/mediavoxmagazine.it\/index.php?rest_route=\/wp\/v2\/posts\/44584","targetHints":{"allow":["GET"]}}],"collection":[{"href":"https:\/\/mediavoxmagazine.it\/index.php?rest_route=\/wp\/v2\/posts"}],"about":[{"href":"https:\/\/mediavoxmagazine.it\/index.php?rest_route=\/wp\/v2\/types\/post"}],"author":[{"embeddable":true,"href":"https:\/\/mediavoxmagazine.it\/index.php?rest_route=\/wp\/v2\/users\/60"}],"replies":[{"embeddable":true,"href":"https:\/\/mediavoxmagazine.it\/index.php?rest_route=%2Fwp%2Fv2%2Fcomments&post=44584"}],"version-history":[{"count":1,"href":"https:\/\/mediavoxmagazine.it\/index.php?rest_route=\/wp\/v2\/posts\/44584\/revisions"}],"predecessor-version":[{"id":44586,"href":"https:\/\/mediavoxmagazine.it\/index.php?rest_route=\/wp\/v2\/posts\/44584\/revisions\/44586"}],"wp:featuredmedia":[{"embeddable":true,"href":"https:\/\/mediavoxmagazine.it\/index.php?rest_route=\/wp\/v2\/media\/44585"}],"wp:attachment":[{"href":"https:\/\/mediavoxmagazine.it\/index.php?rest_route=%2Fwp%2Fv2%2Fmedia&parent=44584"}],"wp:term":[{"taxonomy":"category","embeddable":true,"href":"https:\/\/mediavoxmagazine.it\/index.php?rest_route=%2Fwp%2Fv2%2Fcategories&post=44584"},{"taxonomy":"post_tag","embeddable":true,"href":"https:\/\/mediavoxmagazine.it\/index.php?rest_route=%2Fwp%2Fv2%2Ftags&post=44584"}],"curies":[{"name":"wp","href":"https:\/\/api.w.org\/{rel}","templated":true}]}}