{"id":44608,"date":"2026-09-03T02:04:49","date_gmt":"2026-09-03T01:04:49","guid":{"rendered":"https:\/\/mediavoxmagazine.it\/?p=44608"},"modified":"2026-09-04T08:19:21","modified_gmt":"2026-09-04T07:19:21","slug":"casa-sanremo-writers-2027-mediavox-magazine-consiglia-una-coda-tra-i-bucaneve-di-sara-colombo","status":"publish","type":"post","link":"https:\/\/mediavoxmagazine.it\/?p=44608","title":{"rendered":"CASA SANREMO WRITERS 2027 | MediaVox Magazine consiglia \u201cUna coda tra i bucaneve\u201d di Sara Colombo"},"content":{"rendered":"\n<p class=\"wp-block-paragraph\">Molte storie aspettano solo il momento giusto per incontrare nuovi occhi. <strong>La Vetrina<\/strong> di <strong>Casa Sanremo Writers <\/strong>\u00e8 quel momento: uno spazio in cui libri, autori ed emozioni si incontrano sotto i riflettori della settimana sanremese.&nbsp;<\/p>\n\n\n\n<hr class=\"wp-block-separator has-alpha-channel-opacity\" \/>\n\n\n\n<hr class=\"wp-block-separator has-alpha-channel-opacity\" \/>\n\n\n\n<blockquote class=\"wp-block-quote is-layout-flow wp-block-quote-is-layout-flow\">\n<p class=\"wp-block-paragraph\"><strong>MediaVox Magazine si prepara a scoprire gli scrittori e le scrittrici dell\u2019edizione 2027 del Salotto letterario di Casa Sanremo Writers.<\/strong><\/p>\n<\/blockquote>\n\n\n\n<p class=\"wp-block-paragraph\">Conosceremo insieme i protagonisti di questo viaggio partendo dalle persone, dai loro percorsi e dall\u2019istante in cui un\u2019idea diventa storia\u2026 Perch\u00e9 dietro ogni copertina c\u2019\u00e8 un universo da scoprire, un autore alla volta!<\/p>\n\n\n\n<blockquote class=\"wp-block-quote is-layout-flow wp-block-quote-is-layout-flow\">\n<p class=\"wp-block-paragraph\"><mark style=\"background-color:#ffffff\" class=\"has-inline-color has-vivid-red-color\"><strong>Libro consigliato da MediaVox Magazine: \u201cUna coda tra i bucaneve\u201d di Sara Colombo.<\/strong> <\/mark><br><\/p>\n\n\n\n<p class=\"wp-block-paragraph\"><mark style=\"background-color:#ffffff\" class=\"has-inline-color has-vivid-red-color\"><strong>Una storia che profuma di neve, rinascita e seconde possibilit\u00e0. Sara Colombo costruisce un romanzo in cui le ferite dell\u2019anima incontrano la forza inattesa dei legami, mentre un dolcissimo Cupido a quattro zampe diventa il filo capace di intrecciare destini apparentemente lontani. Una coda tra i bucaneve accompagna il lettore in un piccolo mondo fatto di silenzi, assenze, paure e sentimenti trattenuti, dove basta un incontro imprevisto per mettere in discussione tutto ci\u00f2 che sembrava ormai immutabile<\/strong>. <strong>Tra paesaggi innevati, tradizioni di paese e rapporti familiari da ricostruire, il romanzo parla di perdita e lutto, ma soprattutto della possibilit\u00e0 di tornare ad amare dopo essersi convinti di non esserne pi\u00f9 capaci. Annabel, Sebastiano, il piccolo Noah e Sierra diventano cos\u00ec protagonisti di un viaggio profondamente umano, dove ogni personaggio porta con s\u00e9 una ferita e, insieme, il desiderio di trovare finalmente un luogo da chiamare casa. Una lettura delicata ed emozionante, capace di ricordarci che talvolta la felicit\u00e0 arriva proprio quando smettiamo di cercarla e troviamo il coraggio di lasciare entrare qualcuno nella nostra vita.<\/strong><\/mark><\/p>\n<\/blockquote>\n\n\n\n<figure class=\"wp-block-image size-large\"><img loading=\"lazy\" decoding=\"async\" width=\"718\" height=\"1024\" src=\"https:\/\/mediavoxmagazine.it\/wp-content\/uploads\/2026\/09\/IMG_8564-718x1024.png\" alt=\"\" class=\"wp-image-44610\" srcset=\"https:\/\/mediavoxmagazine.it\/wp-content\/uploads\/2026\/09\/IMG_8564-718x1024.png 718w, https:\/\/mediavoxmagazine.it\/wp-content\/uploads\/2026\/09\/IMG_8564-210x300.png 210w, https:\/\/mediavoxmagazine.it\/wp-content\/uploads\/2026\/09\/IMG_8564-768x1096.png 768w, https:\/\/mediavoxmagazine.it\/wp-content\/uploads\/2026\/09\/IMG_8564-1077x1536.png 1077w, https:\/\/mediavoxmagazine.it\/wp-content\/uploads\/2026\/09\/IMG_8564.png 1402w\" sizes=\"auto, (max-width: 718px) 100vw, 718px\" \/><\/figure>\n\n\n\n<p class=\"wp-block-paragraph\"><strong><mark style=\"background-color:#ffffff\" class=\"has-inline-color has-vivid-green-cyan-color\">SINOSSI DELL\u2019OPERA<\/mark> |<\/strong> <em>Nel tranquillo borgo di montagna in cui \u00e8 cresciuta, Annabel ha costruito un rifugio sicuro: la sua bottega artigianale di articoli per l\u2019infanzia, un luogo di pace che la protegge dai traumi del passato. La sua routine rassicurante viene stravolta dal ritrovamento di Sierra, uno splendido Pastore Svizzero smarrito nella neve. Seguendo le tracce del cane, Annabel entra nella vita del piccolo Noah, un bambino dal cuore grande schiacciato dall\u2019assenza emotiva del padre Sebastiano e dall\u2019ostilit\u00e0 di una futura matrigna manipolatrice. Sebastiano \u00e8 un uomo chiuso nel proprio dolore, abituato a fuggire dai sentimenti per sopravvivere a un grave lutto. L\u2019incontro con Annabel scardina le sue difese e lo costringe a guardare in faccia la realt\u00e0 della sua famiglia. Sullo sfondo di paesaggi innevati e intime tradizioni di paese, i due protagonisti intraprendono un percorso di avvicinamento e scoperta reciproca. Guidati dall\u2019istinto puro di un animale eccezionale e dalla saggezza di una nonna capace di leggere i segni del destino, Annabel e Sebastiano affrontano i propri demoni. Sceglieranno di darsi una nuova possibilit\u00e0 per costruire la felicit\u00e0 e la famiglia che hanno sempre desiderato?<\/em><\/p>\n\n\n\n<p class=\"wp-block-paragraph\"><strong><mark style=\"background-color:#ffffff\" class=\"has-inline-color has-vivid-cyan-blue-color\">BIOGRAFIA DELL\u2019AUTRICE<\/mark> | <\/strong><em>Sara Colombo \u00e8 una trentacinquenne che ha saputo reinventarsi in maniera creativa ogni volta che la vita le ha messo davanti una prova da superare. Nata nella provincia bergamasca agli inizi degli anni Novanta, si \u00e8 diplomata in ambito umanistico e poi ha intrapreso la carriera militare. Tornata successivamente alla vita civile, \u00e8 stata prima maestra d\u2019asilo e poi, dopo essersi trasferita a Trieste, mamma, l\u2019esperienza che pi\u00f9 le ha fatto riscoprire la magia che muove il mondo. Cos\u00ec, spinta dall\u2019entusiasmo, si \u00e8 dedicata alla stesura del suo primo romanzo Istantanee dell\u2019anima (giugno 2024), nel quale si trovano aspetti che le sono vicini: il tema del viaggio come crescita interiore, delle coincidenze che mere coincidenze non sono, delle seconde opportunit\u00e0, del perdono come inizio di una rinascita. Con uno stile introspettivo e descrittivo, Sara Colombo riesce a prendere il lettore per mano e a condurlo in un itinerario le cui tappe sono profonde riflessioni sul senso della vita e sulla bellezza del mondo in ogni sua sfaccettatura. Grazie al suo romanzo d\u2019esordio, \u00e8 stata selezionata dal Comitato Editoriale del Salone Internazionale del Libro di Torino nella categoria Self 2025 e da Casa Sanremo Writers 2026. Il suo secondo romanzo, Una coda tra i bucaneve (aprile 2026), \u00e8 stato selezionato in anteprima per la categoria Self 2026 al Salone del Libro e le permetter\u00e0, per la seconda volta, di accedere al prestigioso contest di Casa Sanremo Writers nell\u2019edizione 2027. L\u2019opera, che ha come protagonista un dolcissimo Cupido a quattro zampe, esplora temi quali la perdita e il lutto, i conflitti genitori-figli e l\u2019amore come unica vera cura per le ferite dell\u2019anima.<\/em><\/p>\n\n\n\n<hr class=\"wp-block-separator has-alpha-channel-opacity\" \/>\n\n\n\n<hr class=\"wp-block-separator has-alpha-channel-opacity\" \/>\n\n\n\n<p class=\"wp-block-paragraph\"><\/p>\n","protected":false},"excerpt":{"rendered":"<div class=\"mh-excerpt\"><p>Molte storie aspettano solo il momento giusto per incontrare nuovi occhi. La Vetrina di Casa Sanremo Writers \u00e8 quel momento: uno spazio in cui libri, <a class=\"mh-excerpt-more\" href=\"https:\/\/mediavoxmagazine.it\/?p=44608\" title=\"CASA SANREMO WRITERS 2027 | MediaVox Magazine consiglia \u201cUna coda tra i bucaneve\u201d di Sara Colombo\">[&#8230;]<\/a><\/p>\n<\/div>","protected":false},"author":60,"featured_media":44486,"comment_status":"closed","ping_status":"closed","sticky":false,"template":"","format":"standard","meta":{"footnotes":""},"categories":[244],"tags":[84,1227,1433,1435,58,1434,1444],"class_list":["post-44608","post","type-post","status-publish","format-standard","has-post-thumbnail","hentry","category-speciale-sanremo","tag-casa-sanremo","tag-casa-sanremo-writers","tag-consigli-di-lettura","tag-la-vetrina","tag-libri","tag-salotto-letterario","tag-sara-colombo"],"_links":{"self":[{"href":"https:\/\/mediavoxmagazine.it\/index.php?rest_route=\/wp\/v2\/posts\/44608","targetHints":{"allow":["GET"]}}],"collection":[{"href":"https:\/\/mediavoxmagazine.it\/index.php?rest_route=\/wp\/v2\/posts"}],"about":[{"href":"https:\/\/mediavoxmagazine.it\/index.php?rest_route=\/wp\/v2\/types\/post"}],"author":[{"embeddable":true,"href":"https:\/\/mediavoxmagazine.it\/index.php?rest_route=\/wp\/v2\/users\/60"}],"replies":[{"embeddable":true,"href":"https:\/\/mediavoxmagazine.it\/index.php?rest_route=%2Fwp%2Fv2%2Fcomments&post=44608"}],"version-history":[{"count":8,"href":"https:\/\/mediavoxmagazine.it\/index.php?rest_route=\/wp\/v2\/posts\/44608\/revisions"}],"predecessor-version":[{"id":44644,"href":"https:\/\/mediavoxmagazine.it\/index.php?rest_route=\/wp\/v2\/posts\/44608\/revisions\/44644"}],"wp:featuredmedia":[{"embeddable":true,"href":"https:\/\/mediavoxmagazine.it\/index.php?rest_route=\/wp\/v2\/media\/44486"}],"wp:attachment":[{"href":"https:\/\/mediavoxmagazine.it\/index.php?rest_route=%2Fwp%2Fv2%2Fmedia&parent=44608"}],"wp:term":[{"taxonomy":"category","embeddable":true,"href":"https:\/\/mediavoxmagazine.it\/index.php?rest_route=%2Fwp%2Fv2%2Fcategories&post=44608"},{"taxonomy":"post_tag","embeddable":true,"href":"https:\/\/mediavoxmagazine.it\/index.php?rest_route=%2Fwp%2Fv2%2Ftags&post=44608"}],"curies":[{"name":"wp","href":"https:\/\/api.w.org\/{rel}","templated":true}]}}