{"id":44651,"date":"2026-09-04T08:47:13","date_gmt":"2026-09-04T07:47:13","guid":{"rendered":"https:\/\/mediavoxmagazine.it\/?p=44651"},"modified":"2026-09-04T08:49:53","modified_gmt":"2026-09-04T07:49:53","slug":"casa-sanremo-writers-2027-mediavox-magazine-consiglia-dio-del-circolo-di-vale-bonu","status":"publish","type":"post","link":"https:\/\/mediavoxmagazine.it\/?p=44651","title":{"rendered":"CASA SANREMO WRITERS 2027 | MediaVox Magazine consiglia \u201cDio del Circolo\u201d di Vale Bonu"},"content":{"rendered":"\n<p class=\"wp-block-paragraph\">Molte storie aspettano solo il momento giusto per incontrare nuovi occhi. <strong>La Vetrina<\/strong> di <strong>Casa Sanremo Writers<\/strong> \u00e8 quel momento: uno spazio in cui libri, autori ed emozioni si incontrano sotto i riflettori della settimana sanremese.<\/p>\n\n\n\n<hr class=\"wp-block-separator has-alpha-channel-opacity\" \/>\n\n\n\n<hr class=\"wp-block-separator has-alpha-channel-opacity\" \/>\n\n\n\n<blockquote class=\"wp-block-quote is-layout-flow wp-block-quote-is-layout-flow\">\n<p class=\"wp-block-paragraph\"><strong>MediaVox Magazine si prepara a scoprire gli scrittori e le scrittrici dell\u2019edizione 2027 del Salotto letterario di Casa Sanremo Writers<\/strong>.<\/p>\n<\/blockquote>\n\n\n\n<p class=\"wp-block-paragraph\">Conosceremo insieme i protagonisti di questo viaggio partendo dalle persone, dai loro percorsi e dall\u2019istante in cui un\u2019idea diventa storia\u2026 Perch\u00e9 dietro ogni copertina c\u2019\u00e8 un universo da scoprire, un autore alla volta!<\/p>\n\n\n\n<blockquote class=\"wp-block-quote is-layout-flow wp-block-quote-is-layout-flow\">\n<p class=\"wp-block-paragraph\"><mark style=\"background-color:#ffffff\" class=\"has-inline-color has-vivid-red-color\"><strong>Libro consigliato da MediaVox Magazine: \u201cDio del Circolo\u201d di Vale Bonu.<\/strong> <\/mark><br><\/p>\n\n\n\n<p class=\"wp-block-paragraph\"><mark style=\"background-color:#ffffff\" class=\"has-inline-color has-vivid-red-color\"><strong>Che cosa accade quando chi ha subito violenza decide di smettere di aspettare e di farsi giustizia da solo? Vale Bonu conduce il lettore nel cuore inquieto dell\u2019adolescenza, l\u00e0 dove il desiderio di proteggere i pi\u00f9 deboli pu\u00f2 trasformarsi in vendetta e il confine tra il bene e il male diventa sempre pi\u00f9 sottile. In \u201cDio del Circolo\u201d, un gruppo di ragazzi segnati dal bullismo indossa una maschera e d\u00e0 vita a un\u2019associazione segreta: un patto nato per reagire alle angherie, ma destinato a mettere alla prova amicizie, valori e coscienze. Tra atmosfere pop, suggestioni da fumetto, richiami cinematografici e profonde domande filosofiche, il romanzo affronta violenza, amore, legge, religione, ricchezza e povert\u00e0, invitando il lettore a interrogarsi sul significato stesso della giustizia. A rendere l\u2019esperienza ancora pi\u00f9 immersiva \u00e8 una colonna sonora scandita da codici QR collegati a Spotify, uno per ogni capitolo. Una lettura contemporanea, coinvolgente e provocatoria, che non offre risposte facili, ma pone una domanda impossibile da ignorare: fino a che punto la vendetta pu\u00f2 essere considerata giusta?<\/strong><\/mark><\/p>\n<\/blockquote>\n\n\n\n<figure class=\"wp-block-image size-large\"><img loading=\"lazy\" decoding=\"async\" width=\"642\" height=\"1024\" src=\"https:\/\/mediavoxmagazine.it\/wp-content\/uploads\/2026\/09\/IMG_8583-642x1024.jpeg\" alt=\"\" class=\"wp-image-44652\" srcset=\"https:\/\/mediavoxmagazine.it\/wp-content\/uploads\/2026\/09\/IMG_8583-642x1024.jpeg 642w, https:\/\/mediavoxmagazine.it\/wp-content\/uploads\/2026\/09\/IMG_8583-188x300.jpeg 188w, https:\/\/mediavoxmagazine.it\/wp-content\/uploads\/2026\/09\/IMG_8583-768x1226.jpeg 768w, https:\/\/mediavoxmagazine.it\/wp-content\/uploads\/2026\/09\/IMG_8583-963x1536.jpeg 963w, https:\/\/mediavoxmagazine.it\/wp-content\/uploads\/2026\/09\/IMG_8583-1283x2048.jpeg 1283w, https:\/\/mediavoxmagazine.it\/wp-content\/uploads\/2026\/09\/IMG_8583.jpeg 1410w\" sizes=\"auto, (max-width: 642px) 100vw, 642px\" \/><\/figure>\n\n\n\n<p class=\"wp-block-paragraph\"><br><strong><mark style=\"background-color:#ffffff\" class=\"has-inline-color has-vivid-green-cyan-color\">SINOSSI DELL\u2019OPERA<\/mark> |<\/strong> <em>\u201cDio del Circolo\u201d \u00e8 un romanzo contemporaneo che esplora i temi universali della giustizia e della violenza nel mondo giovanile. In un\u2019atmosfera sospesa tra \u201cStranger Things\u201d, \u201cFight Club\u201d e i classici fumetti di supereroi, la storia segue un gruppo di ragazzi bullizzati per tutta la vita, che decide di formare un\u2019associazione segreta chiamata \u201cil Circolo\u201d per farsi giustizia da solo e vendicarsi dei bulli che tormentano loro e gli altri emarginati. Grazie al suo stile pop, l\u2019opera intreccia citazioni cinematografiche e gag leggere con profonde riflessioni sulla violenza, sull\u2019amore in tutte le sue forme, sulla legge, sulla religione, sulla ricchezza e sulla povert\u00e0, invitando il lettore a riflettere criticamente su ciascuno di questi concetti. Il romanzo si sviluppa su diversi piani narrativi. Con il procedere della trama, i temi dell\u2019opera si annodano tra loro, passando dalle esperienze della vita giovanile alle prime infatuazioni amorose, dalla filosofia insegnata tra i banchi di scuola alla totale messa in discussione dei valori personali pi\u00f9 importanti, accompagnando il lettore verso una profonda riflessione sulla vendetta e sui tradimenti nei confronti degli amici. Durante il viaggio narrativo, il lettore sar\u00e0 portato a ripensare al proprio percorso di vita, riconoscendosi nella domanda fondamentale che si pongono i protagonisti della vicenda: qual \u00e8 il limite tra legittima difesa e giustizia personale? Fino a che punto la vendetta pu\u00f2 essere considerata \u201cgiusta\u201d? Un elemento distintivo dell\u2019opera \u00e8 la colonna sonora che l\u2019accompagna: ogni capitolo \u00e8 introdotto da un codice QR collegato a Spotify, attraverso il quale il lettore pu\u00f2 ascoltare il brano scelto dall\u2019autore come ideale accompagnamento musicale di quella parte della storia. Il risultato \u00e8 un\u2019esperienza di lettura multisensoriale, pensata per rendere ancora pi\u00f9 intenso il coinvolgimento nel racconto.<\/em><\/p>\n\n\n\n<p class=\"wp-block-paragraph\"><strong><mark style=\"background-color:#ffffff\" class=\"has-inline-color has-vivid-cyan-blue-color\">BIOGRAFIA DELL\u2019AUTORE<\/mark> |<\/strong> <em>Valentino Bonu, in arte Vale Bonu, \u00e8 un giovane autore italiano. Nasce a Noto, in provincia di Siracusa, il 12 agosto 2000. Figlio unico, consegue il diploma di liceo classico nel 2018 presso l\u2019Istituto Matteo Raeli di Noto, sostenendo e superando l\u2019esame di maturit\u00e0 prima di aver compiuto diciotto anni. Gi\u00e0 all\u2019et\u00e0 di sette anni inizia a scrivere i suoi primi racconti, per poi cominciare a pubblicare i propri lavori nel 2015. Le sue opere spaziano dal fantasy ai temi giuridici, passando per la saggistica e la narrativa generale, con una particolare attenzione ai diritti civili. Tra i suoi lavori pi\u00f9 recenti figura \u201cIl talento del Presidente\u201d (2022), una breve narrazione verosimile sul tema della politica, ambientata in un paese afflitto da gravi problemi economici che, per risolvere il proprio dissesto finanziario, si trova a scegliere se restare una democrazia oppure trasformarsi in una monarchia. Nel 2023 pubblica \u201cAngeli e Demoni\u201d, un\u2019opera fantasy ambientata tra il Paradiso, la Terra e gli Inferi, che sensibilizza sul tema della guerra e dei bambini soldato, concentrandosi sulla storia di alcuni giovani mandati a combattere da chi detiene il potere di decidere per loro. Dell\u2019opera \u00e8 disponibile anche una seconda edizione in lingua inglese, destinata al mercato internazionale. Nel 2024 arriva \u201cCome scrivere un libro\u201d, manuale di scrittura creativa pi\u00f9 volte al primo posto in diverse classifiche Amazon, disponibile negli store digitali e nelle librerie italiane. Anche quest\u2019opera \u00e8 stata pubblicata in un\u2019edizione internazionale in lingua inglese, distribuita in diversi Paesi del mondo. \u201cFinal Slam\u201d (2025) \u00e8 invece un racconto breve vincitore del Premio Alberoandronico 2025 nella categoria \u201cSport\u201d. La storia segue le vicende di due campionesse di tennis, una veterana e una giovane promessa, che si affrontano in una partita decisiva per il titolo. L\u2019attenzione non si concentra soltanto sull\u2019incontro, ma soprattutto sugli avvenimenti che hanno condotto entrambe alla finalissima, permettendo al lettore di entrare nelle loro storie senza dimenticare che soltanto una potr\u00e0 alzare la coppa. Nello stesso anno pubblica \u201cDio del Circolo\u201d, romanzo dedicato all\u2019adolescenza che conduce verso una profonda riflessione filosofica sul tema della giustizia. L\u2019opera racconta le vicende di alcuni giovanissimi che, per vendicarsi dei propri bulli, decidono di creare un\u2019associazione segreta. In un clima a met\u00e0 tra l\u2019universo dei supereroi dei fumetti e la realt\u00e0 della strada, i protagonisti agiscono nascosti dietro alcune maschere, armati e animati dal desiderio di punire coloro che compiono angherie contro i pi\u00f9 deboli, fino a quando non iniziano a interrogarsi sulle conseguenze delle proprie azioni. Accanto allo studio, Valentino Bonu lavora per autofinanziare la pubblicazione delle proprie opere. Tutti i lavori distribuiti finora sono stati editi dallo stesso autore, con la supervisione e la revisione di Bonu Book, la sua etichetta personale. Bonu Book \u00e8 presente su Instagram (@Bonubook), YouTube (Bonu Book) e TikTok. Tutti gli aggiornamenti sulle attivit\u00e0 e sulle opere dell\u2019autore sono disponibili anche sul sito valentinobonu.com.<\/em><\/p>\n\n\n\n<hr class=\"wp-block-separator has-alpha-channel-opacity\" \/>\n\n\n\n<hr class=\"wp-block-separator has-alpha-channel-opacity\" \/>\n","protected":false},"excerpt":{"rendered":"<div class=\"mh-excerpt\"><p>Molte storie aspettano solo il momento giusto per incontrare nuovi occhi. La Vetrina di Casa Sanremo Writers \u00e8 quel momento: uno spazio in cui libri, <a class=\"mh-excerpt-more\" href=\"https:\/\/mediavoxmagazine.it\/?p=44651\" title=\"CASA SANREMO WRITERS 2027 | MediaVox Magazine consiglia \u201cDio del Circolo\u201d di Vale Bonu\">[&#8230;]<\/a><\/p>\n<\/div>","protected":false},"author":60,"featured_media":44486,"comment_status":"closed","ping_status":"closed","sticky":false,"template":"","format":"standard","meta":{"footnotes":""},"categories":[244],"tags":[84,1227,1433,1435,58,1434,1447,1432],"class_list":["post-44651","post","type-post","status-publish","format-standard","has-post-thumbnail","hentry","category-speciale-sanremo","tag-casa-sanremo","tag-casa-sanremo-writers","tag-consigli-di-lettura","tag-la-vetrina","tag-libri","tag-salotto-letterario","tag-vale-bonu","tag-writers"],"_links":{"self":[{"href":"https:\/\/mediavoxmagazine.it\/index.php?rest_route=\/wp\/v2\/posts\/44651","targetHints":{"allow":["GET"]}}],"collection":[{"href":"https:\/\/mediavoxmagazine.it\/index.php?rest_route=\/wp\/v2\/posts"}],"about":[{"href":"https:\/\/mediavoxmagazine.it\/index.php?rest_route=\/wp\/v2\/types\/post"}],"author":[{"embeddable":true,"href":"https:\/\/mediavoxmagazine.it\/index.php?rest_route=\/wp\/v2\/users\/60"}],"replies":[{"embeddable":true,"href":"https:\/\/mediavoxmagazine.it\/index.php?rest_route=%2Fwp%2Fv2%2Fcomments&post=44651"}],"version-history":[{"count":3,"href":"https:\/\/mediavoxmagazine.it\/index.php?rest_route=\/wp\/v2\/posts\/44651\/revisions"}],"predecessor-version":[{"id":44654,"href":"https:\/\/mediavoxmagazine.it\/index.php?rest_route=\/wp\/v2\/posts\/44651\/revisions\/44654"}],"wp:featuredmedia":[{"embeddable":true,"href":"https:\/\/mediavoxmagazine.it\/index.php?rest_route=\/wp\/v2\/media\/44486"}],"wp:attachment":[{"href":"https:\/\/mediavoxmagazine.it\/index.php?rest_route=%2Fwp%2Fv2%2Fmedia&parent=44651"}],"wp:term":[{"taxonomy":"category","embeddable":true,"href":"https:\/\/mediavoxmagazine.it\/index.php?rest_route=%2Fwp%2Fv2%2Fcategories&post=44651"},{"taxonomy":"post_tag","embeddable":true,"href":"https:\/\/mediavoxmagazine.it\/index.php?rest_route=%2Fwp%2Fv2%2Ftags&post=44651"}],"curies":[{"name":"wp","href":"https:\/\/api.w.org\/{rel}","templated":true}]}}