{"id":44656,"date":"2026-09-04T09:21:04","date_gmt":"2026-09-04T08:21:04","guid":{"rendered":"https:\/\/mediavoxmagazine.it\/?p=44656"},"modified":"2026-09-04T09:57:39","modified_gmt":"2026-09-04T08:57:39","slug":"casa-sanremo-writers-2027-mediavox-magazine-consiglia-la-primavera-torna-sempre-con-le-viole-di-manuela-violi","status":"publish","type":"post","link":"https:\/\/mediavoxmagazine.it\/?p=44656","title":{"rendered":"CASA SANREMO WRITERS 2027 | MediaVox Magazine consiglia \u201cLa primavera torna sempre con le viole\u201d di Manuela Violi"},"content":{"rendered":"\n<p class=\"wp-block-paragraph\">Molte storie aspettano solo il momento giusto per incontrare nuovi occhi. <strong>La Vetrina<\/strong> di <strong>Casa Sanremo Writers<\/strong> \u00e8 quel momento: uno spazio in cui libri, autori ed emozioni si incontrano sotto i riflettori della settimana sanremese.<\/p>\n\n\n\n<hr class=\"wp-block-separator has-alpha-channel-opacity\" \/>\n\n\n\n<hr class=\"wp-block-separator has-alpha-channel-opacity\" \/>\n\n\n\n<blockquote class=\"wp-block-quote is-layout-flow wp-block-quote-is-layout-flow\">\n<p class=\"wp-block-paragraph\"><strong>MediaVox Magazine si prepara a scoprire gli scrittori e le scrittrici dell\u2019edizione 2027 del Salotto letterario di Casa Sanremo Writers.<\/strong><\/p>\n<\/blockquote>\n\n\n\n<p class=\"wp-block-paragraph\">Conosceremo insieme i protagonisti di questo viaggio partendo dalle persone, dai loro percorsi e dall\u2019istante in cui un\u2019idea diventa storia\u2026 Perch\u00e9 dietro ogni copertina c\u2019\u00e8 un universo da scoprire, un autore alla volta!<\/p>\n\n\n\n<blockquote class=\"wp-block-quote is-layout-flow wp-block-quote-is-layout-flow\">\n<p class=\"wp-block-paragraph\"><mark style=\"background-color:#ffffff\" class=\"has-inline-color has-vivid-red-color\"><strong>Libro consigliato da MediaVox Magazine: \u201cLa primavera torna sempre con le viole\u201d di Manuela Violi.<\/strong> <br><\/mark><\/p>\n\n\n\n<p class=\"wp-block-paragraph\"><mark style=\"background-color:#ffffff\" class=\"has-inline-color has-vivid-red-color\"><strong>Ci sono case che non sono fatte soltanto di muri: custodiscono voci, carezze, assenze e il respiro di chi ci ha insegnato ad amare. In \u201cLa primavera torna sempre con le viole\u201d, Manuela Violi varca nuovamente la soglia della casa paterna e trasforma la polvere del tempo in memoria viva. La ristrutturazione di un luogo diventa cos\u00ec la ricostruzione di s\u00e9: un viaggio intimo attraverso il lutto, le radici, l\u2019adozione, il perdono e il desiderio ostinato di pronunciare ancora il proprio s\u00ec alla vita. Con una scrittura autentica e luminosa, l\u2019autrice compone il racconto di un\u2019esistenza attraversata dal dolore, ma mai privata della capacit\u00e0 di amare e ricominciare. Ogni stanza diventa una pagina, ogni oggetto un frammento del passato, ogni ferita una possibile apertura verso il futuro. Una lettura emozionante e profondamente umana, capace di ricordarci che tornare non significa necessariamente guardare indietro, ma ritrovare la strada per rinascere, poich\u00e9, anche dopo l\u2019inverno pi\u00f9 duro, la primavera torna e, con lei, le <\/strong><\/mark><strong><mark style=\"background-color:#ffffff\" class=\"has-inline-color has-vivid-red-color\">viole!<\/mark><\/strong><\/p>\n<\/blockquote>\n\n\n\n<figure class=\"wp-block-image size-full\"><img loading=\"lazy\" decoding=\"async\" width=\"560\" height=\"824\" src=\"https:\/\/mediavoxmagazine.it\/wp-content\/uploads\/2026\/09\/IMG_8585.jpeg\" alt=\"\" class=\"wp-image-44657\" srcset=\"https:\/\/mediavoxmagazine.it\/wp-content\/uploads\/2026\/09\/IMG_8585.jpeg 560w, https:\/\/mediavoxmagazine.it\/wp-content\/uploads\/2026\/09\/IMG_8585-204x300.jpeg 204w\" sizes=\"auto, (max-width: 560px) 100vw, 560px\" \/><\/figure>\n\n\n\n<p class=\"wp-block-paragraph\"><strong><mark style=\"background-color:#ffffff\" class=\"has-inline-color has-vivid-green-cyan-color\">SINOSSI DELL\u2019OPERA <\/mark>|<\/strong> <em>Una casa da ristrutturare: la casa paterna da cui tutto ha avuto inizio. Rientrarvi dopo tanto tempo non \u00e8 facile, perch\u00e9 tra quelle mura vivono ancora i ricordi di un grande dolore, troppo vicino e mai abbastanza lontano per essere dimenticato. Dalle finestre un po\u2019 di luce filtra nella polvere; ogni oggetto, ogni muro e ogni superficie parlano di quell\u2019amore ancestrale che la morte percuote con violenza, ma che non potr\u00e0 mai spezzare. Tra quelle mura, il racconto di una vita si scioglie in un\u2019intima confessione. Emergono il desiderio di ritrovare le proprie radici, il bisogno di ricomporre ferite profonde e la volont\u00e0 di testimoniare con forza il proprio s\u00ec alla vita, nonostante le ombre che portiamo dentro e che ci piegano come un legno ancora verde. Alla fine tutto torna, come in un lungo sogno limpido e luminoso, sulle orme del proprio cammino, in quel luogo che chiamiamo casa: stazione di partenza e di arrivo di un cuore lacerato e poi ricomposto, rinnovato dal calore di una vita nuova e dalla luce di una primavera che sussurra il proprio messaggio di speranza.<\/em><\/p>\n\n\n\n<p class=\"wp-block-paragraph\"><strong><mark style=\"background-color:#ffffff\" class=\"has-inline-color has-vivid-cyan-blue-color\">BIOGRAFIA DELL\u2019AUTRICE<\/mark> |<\/strong> <em>Manuela Violi nasce a Firenze il 24 agosto 1965 presso l\u2019Istituto degli Innocenti e, nel marzo del 1967, viene adottata da una coppia di Castiglion Fiorentino, in provincia di Arezzo, dove trascorre gran parte della propria vita. Il padre, gi\u00e0 sottufficiale dell\u2019Esercito e prigioniero in Germania durante la seconda guerra mondiale, rappresenta uno dei suoi pi\u00f9 grandi amori; pi\u00f9 complesso \u00e8 invece il rapporto con la madre, insegnante, che la scrittura autobiografica l\u2019aiuter\u00e0 nel tempo a comprendere e perdonare. Insegnante di scuola primaria da oltre trent\u2019anni, Manuela \u00e8 madre di quattro figli, Jo, Isabel, Tania e Lilian. Nel 2015 incontra Paolo, divenuto poi suo marito e affettuosamente definito il proprio \u201cGeorge Clooney\u201d. La loro famiglia si amplia accogliendo anche alcune persone di origine nigeriana, amate come figli. Dopo la scomparsa del padre, avvenuta all\u2019et\u00e0 di 102 anni e mezzo, Manuela restaura insieme alla famiglia la casa in cui \u00e8 cresciuta, trasformandola nella struttura ricettiva Le Viole Holiday House. Pur convivendo con i dolori della fibromialgia, affronta la vita con energia e curiosit\u00e0, dedicandosi alla scrittura, alla poesia, al canto, alla lettura, alla pittura e al volontariato. Nel 2023, grazie al Tribunale per i minorenni di Firenze, riesce finalmente a conoscere la storia delle proprie origini e della madre biologica Grazia, una donna di origine pugliese che, pur non potendo crescerla, aveva scelto per lei i nomi Manuela e Tilde e desiderato un futuro sereno. I primi contatti con una nipote e con uno dei fratelli hanno aperto un nuovo ed emozionante capitolo della sua vita. Una storia ancora in cammino, racchiusa nella promessa: \u00abTo be continued\u2026\u00bb.<br><\/em><br><\/p>\n\n\n\n<hr class=\"wp-block-separator has-alpha-channel-opacity\" \/>\n\n\n\n<hr class=\"wp-block-separator has-alpha-channel-opacity\" \/>\n","protected":false},"excerpt":{"rendered":"<div class=\"mh-excerpt\"><p>Molte storie aspettano solo il momento giusto per incontrare nuovi occhi. La Vetrina di Casa Sanremo Writers \u00e8 quel momento: uno spazio in cui libri, <a class=\"mh-excerpt-more\" href=\"https:\/\/mediavoxmagazine.it\/?p=44656\" title=\"CASA SANREMO WRITERS 2027 | MediaVox Magazine consiglia \u201cLa primavera torna sempre con le viole\u201d di Manuela Violi\">[&#8230;]<\/a><\/p>\n<\/div>","protected":false},"author":60,"featured_media":44486,"comment_status":"closed","ping_status":"closed","sticky":false,"template":"","format":"standard","meta":{"footnotes":""},"categories":[244],"tags":[84,1227,1433,1435,58,1448,1434,1432],"class_list":["post-44656","post","type-post","status-publish","format-standard","has-post-thumbnail","hentry","category-speciale-sanremo","tag-casa-sanremo","tag-casa-sanremo-writers","tag-consigli-di-lettura","tag-la-vetrina","tag-libri","tag-manuela-violi","tag-salotto-letterario","tag-writers"],"_links":{"self":[{"href":"https:\/\/mediavoxmagazine.it\/index.php?rest_route=\/wp\/v2\/posts\/44656","targetHints":{"allow":["GET"]}}],"collection":[{"href":"https:\/\/mediavoxmagazine.it\/index.php?rest_route=\/wp\/v2\/posts"}],"about":[{"href":"https:\/\/mediavoxmagazine.it\/index.php?rest_route=\/wp\/v2\/types\/post"}],"author":[{"embeddable":true,"href":"https:\/\/mediavoxmagazine.it\/index.php?rest_route=\/wp\/v2\/users\/60"}],"replies":[{"embeddable":true,"href":"https:\/\/mediavoxmagazine.it\/index.php?rest_route=%2Fwp%2Fv2%2Fcomments&post=44656"}],"version-history":[{"count":4,"href":"https:\/\/mediavoxmagazine.it\/index.php?rest_route=\/wp\/v2\/posts\/44656\/revisions"}],"predecessor-version":[{"id":44669,"href":"https:\/\/mediavoxmagazine.it\/index.php?rest_route=\/wp\/v2\/posts\/44656\/revisions\/44669"}],"wp:featuredmedia":[{"embeddable":true,"href":"https:\/\/mediavoxmagazine.it\/index.php?rest_route=\/wp\/v2\/media\/44486"}],"wp:attachment":[{"href":"https:\/\/mediavoxmagazine.it\/index.php?rest_route=%2Fwp%2Fv2%2Fmedia&parent=44656"}],"wp:term":[{"taxonomy":"category","embeddable":true,"href":"https:\/\/mediavoxmagazine.it\/index.php?rest_route=%2Fwp%2Fv2%2Fcategories&post=44656"},{"taxonomy":"post_tag","embeddable":true,"href":"https:\/\/mediavoxmagazine.it\/index.php?rest_route=%2Fwp%2Fv2%2Ftags&post=44656"}],"curies":[{"name":"wp","href":"https:\/\/api.w.org\/{rel}","templated":true}]}}