{"id":44664,"date":"2026-09-04T09:48:27","date_gmt":"2026-09-04T08:48:27","guid":{"rendered":"https:\/\/mediavoxmagazine.it\/?p=44664"},"modified":"2026-09-04T09:58:26","modified_gmt":"2026-09-04T08:58:26","slug":"casa-sanremo-writers-2027-mediavox-magazine-consiglia-cruor-aeternum-di-paolo-proietti-mancini","status":"publish","type":"post","link":"https:\/\/mediavoxmagazine.it\/?p=44664","title":{"rendered":"CASA SANREMO WRITERS 2027 | MediaVox Magazine consiglia \u201cCruor Aeternum\u201d di Paolo Proietti Mancini"},"content":{"rendered":"\n<p class=\"wp-block-paragraph\">Molte storie aspettano solo il momento giusto per incontrare nuovi occhi. <strong>La Vetrina<\/strong> di <strong>Casa Sanremo Writers<\/strong> \u00e8 quel momento: uno spazio in cui libri, autori ed emozioni si incontrano sotto i riflettori della settimana sanremese.<\/p>\n\n\n\n<hr class=\"wp-block-separator has-alpha-channel-opacity\" \/>\n\n\n\n<hr class=\"wp-block-separator has-alpha-channel-opacity\" \/>\n\n\n\n<blockquote class=\"wp-block-quote is-layout-flow wp-block-quote-is-layout-flow\">\n<p class=\"wp-block-paragraph\"><strong>MediaVox Magazine si prepara a scoprire gli scrittori e le scrittrici dell\u2019edizione 2027 del Salotto letterario di Casa Sanremo Writers.<\/strong><\/p>\n<\/blockquote>\n\n\n\n<p class=\"wp-block-paragraph\">Conosceremo insieme i protagonisti di questo viaggio partendo dalle persone, dai loro percorsi e dall\u2019istante in cui un\u2019idea diventa storia\u2026 Perch\u00e9 dietro ogni copertina c\u2019\u00e8 un universo da scoprire, un autore alla volta!<\/p>\n\n\n\n<blockquote class=\"wp-block-quote is-layout-flow wp-block-quote-is-layout-flow\">\n<p class=\"wp-block-paragraph\"><mark style=\"background-color:#ffffff\" class=\"has-inline-color has-vivid-red-color\"><strong>Libro consigliato da MediaVox Magazine: \u201cCruor Aeternum\u201d di Paolo Proietti Mancini.<\/strong> <\/mark><br><\/p>\n\n\n\n<p class=\"wp-block-paragraph\"><mark style=\"background-color:#ffffff\" class=\"has-inline-color has-vivid-red-color\"><strong>Un romanzo storico-fantastico dal respiro epico, capace di trasportare il lettore nel cuore dell\u2019Impero Romano, tra congiure, legioni, amori, culti ancestrali e forze soprannaturali. Paolo Proietti Mancini costruisce un universo vivido e avvolgente in cui la Storia incontra il mito e il destino di un soldato si lega a un\u2019antica profezia custodita nel sangue. \u201cCruor Aeternum\u201d possiede il ritmo del cinema e l\u2019anima della musica: ogni capitolo \u00e8 accompagnato da un brano scelto per amplificarne emozioni e atmosfere. Comprare questo libro significa varcare la soglia di un\u2019avventura intensa e immergersi in una battaglia senza tempo, combattuta tra potere, identit\u00e0, amore e desiderio d\u2019immortalit\u00e0.<\/strong><\/mark><\/p>\n<\/blockquote>\n\n\n\n<figure class=\"wp-block-image size-large\"><img loading=\"lazy\" decoding=\"async\" width=\"678\" height=\"1024\" src=\"https:\/\/mediavoxmagazine.it\/wp-content\/uploads\/2026\/09\/IMG_8587-678x1024.jpeg\" alt=\"\" class=\"wp-image-44662\" srcset=\"https:\/\/mediavoxmagazine.it\/wp-content\/uploads\/2026\/09\/IMG_8587-678x1024.jpeg 678w, https:\/\/mediavoxmagazine.it\/wp-content\/uploads\/2026\/09\/IMG_8587-199x300.jpeg 199w, https:\/\/mediavoxmagazine.it\/wp-content\/uploads\/2026\/09\/IMG_8587-768x1160.jpeg 768w, https:\/\/mediavoxmagazine.it\/wp-content\/uploads\/2026\/09\/IMG_8587.jpeg 1008w\" sizes=\"auto, (max-width: 678px) 100vw, 678px\" \/><\/figure>\n\n\n\n<p class=\"wp-block-paragraph\"><strong><mark style=\"background-color:#ffffff\" class=\"has-inline-color has-vivid-green-cyan-color\">SINOSSI DELL\u2019OPERA<\/mark> |<\/strong> <em>Nel 115 d.C., mentre l\u2019Impero Romano vive il suo massimo splendore sotto l\u2019imperatore Traiano, l\u2019Optio Marcus Luperianus Varro, soldato della XI Legio Claudia di stanza ai confini della Tracia, si ritrova coinvolto in una trama che supera gli intrighi della politica senatoriale. Il console Lucius Cassius Dracontius e il suo procuratore Tiberius Luperianus Calidianus, cugino dello stesso Marcus, intendono impossessarsi del Cruor Aeternum, un antico amuleto dal potere misterioso che potrebbe assicurare l\u2019immortalit\u00e0 a Roma. Parallelamente, Marcus si innamora di Gracilia, M\u00e9dica del villaggio di Carpatella e sacerdotessa di antichi culti legati alle divinit\u00e0 lupesche Lykaia e Lykathor. Dopo aver scoperto una grotta segreta e sperimentato poteri soprannaturali, il soldato apprende che nelle sue vene scorre \u201csangue di lupo\u201d, eredit\u00e0 di un\u2019antica profezia che contrappone Lykathor al malvagio fratello Dracun. Tradimenti, rivelazioni e l\u2019ombra del Cruor Aeternum conducono Marcus, Gracilia e i loro fedeli compagni fino a Roma, dove saranno chiamati ad affrontare i propri nemici in uno scontro epico. Una scena conclusiva post-credit suggerisce che il destino della Gens Luperianus e la sua eterna battaglia siano tutt\u2019altro che terminati. A rendere ancora pi\u00f9 coinvolgente l\u2019esperienza narrativa \u00e8 la colonna sonora pensata dall\u2019autore: ogni capitolo \u00e8 associato a un brano musicale, da Emerson, Lake &amp; Palmer ai Dead Can Dance, da Ottorino Respighi ai King Crimson.<\/em><\/p>\n\n\n\n<p class=\"wp-block-paragraph\"><strong><mark style=\"background-color:#ffffff\" class=\"has-inline-color has-vivid-cyan-blue-color\">BIOGRAFIA DELL\u2019AUTORE<\/mark> |<\/strong> <em>Paolo Proietti Mancini nasce a Roma il 18 agosto 1959. Dopo il liceo scientifico si laurea in Ingegneria Nucleare nel 1984 e, l\u2019anno successivo, entra nel settore informatico. Dopo una prima esperienza come programmatore Cobol, approda alla Formazione e Sviluppo, ambito nel quale lavora per quasi trentacinque anni progettando e tenendo corsi dedicati all\u2019informatica, alle competenze comportamentali, al management e all\u2019innovazione digitale. Elabora inoltre una personale metodologia didattica fondata sull\u2019apprendimento ludico per adulti e partecipa al progetto \u201cRisorgimento digitale\u201d. Conclusa la carriera lavorativa nel 2022, trasforma la propria sensibilit\u00e0 e il valore dello storytelling in scrittura. Ha pubblicato \u201cL\u2019estate della farfalla\u201d, \u201cL\u2019estate della formica\u201d, l\u2019antologia \u201cKintsugi \u2013 donne riparate\u201d e la raccolta poetica \u201cAmanticizia\u201d. Ha inoltre scritto \u201cKintsugi \u2013 uomini riparati\u201d e \u201cCruor Aeternum\u201d, opera in cui unisce storia e fantastico, mentre attualmente lavora a \u201cL\u2019estate dell\u2019uomo\u201d. In ogni sua opera associa capitoli, racconti e poesie a brani musicali, con l\u2019intento di amplificare l\u2019esperienza emotiva del lettore.<\/em><\/p>\n\n\n\n<hr class=\"wp-block-separator has-alpha-channel-opacity\" \/>\n\n\n\n<hr class=\"wp-block-separator has-alpha-channel-opacity\" \/>\n","protected":false},"excerpt":{"rendered":"<div class=\"mh-excerpt\"><p>Molte storie aspettano solo il momento giusto per incontrare nuovi occhi. La Vetrina di Casa Sanremo Writers \u00e8 quel momento: uno spazio in cui libri, <a class=\"mh-excerpt-more\" href=\"https:\/\/mediavoxmagazine.it\/?p=44664\" title=\"CASA SANREMO WRITERS 2027 | MediaVox Magazine consiglia \u201cCruor Aeternum\u201d di Paolo Proietti Mancini\">[&#8230;]<\/a><\/p>\n<\/div>","protected":false},"author":60,"featured_media":44486,"comment_status":"closed","ping_status":"closed","sticky":false,"template":"","format":"standard","meta":{"footnotes":""},"categories":[244],"tags":[84,1227,1446,1433,1435,58,1449,1434],"class_list":["post-44664","post","type-post","status-publish","format-standard","has-post-thumbnail","hentry","category-speciale-sanremo","tag-casa-sanremo","tag-casa-sanremo-writers","tag-case-sanremo-writers","tag-consigli-di-lettura","tag-la-vetrina","tag-libri","tag-paolo-proietti-mancini","tag-salotto-letterario"],"_links":{"self":[{"href":"https:\/\/mediavoxmagazine.it\/index.php?rest_route=\/wp\/v2\/posts\/44664","targetHints":{"allow":["GET"]}}],"collection":[{"href":"https:\/\/mediavoxmagazine.it\/index.php?rest_route=\/wp\/v2\/posts"}],"about":[{"href":"https:\/\/mediavoxmagazine.it\/index.php?rest_route=\/wp\/v2\/types\/post"}],"author":[{"embeddable":true,"href":"https:\/\/mediavoxmagazine.it\/index.php?rest_route=\/wp\/v2\/users\/60"}],"replies":[{"embeddable":true,"href":"https:\/\/mediavoxmagazine.it\/index.php?rest_route=%2Fwp%2Fv2%2Fcomments&post=44664"}],"version-history":[{"count":3,"href":"https:\/\/mediavoxmagazine.it\/index.php?rest_route=\/wp\/v2\/posts\/44664\/revisions"}],"predecessor-version":[{"id":44671,"href":"https:\/\/mediavoxmagazine.it\/index.php?rest_route=\/wp\/v2\/posts\/44664\/revisions\/44671"}],"wp:featuredmedia":[{"embeddable":true,"href":"https:\/\/mediavoxmagazine.it\/index.php?rest_route=\/wp\/v2\/media\/44486"}],"wp:attachment":[{"href":"https:\/\/mediavoxmagazine.it\/index.php?rest_route=%2Fwp%2Fv2%2Fmedia&parent=44664"}],"wp:term":[{"taxonomy":"category","embeddable":true,"href":"https:\/\/mediavoxmagazine.it\/index.php?rest_route=%2Fwp%2Fv2%2Fcategories&post=44664"},{"taxonomy":"post_tag","embeddable":true,"href":"https:\/\/mediavoxmagazine.it\/index.php?rest_route=%2Fwp%2Fv2%2Ftags&post=44664"}],"curies":[{"name":"wp","href":"https:\/\/api.w.org\/{rel}","templated":true}]}}