{"id":44681,"date":"2026-09-04T10:49:17","date_gmt":"2026-09-04T09:49:17","guid":{"rendered":"https:\/\/mediavoxmagazine.it\/?p=44681"},"modified":"2026-09-04T10:49:50","modified_gmt":"2026-09-04T09:49:50","slug":"casa-sanremo-writers-2027-mediavox-magazine-consiglia-invisibile-agli-occhi-di-giovanna-caldara","status":"publish","type":"post","link":"https:\/\/mediavoxmagazine.it\/?p=44681","title":{"rendered":"CASA SANREMO WRITERS 2027 | MediaVox Magazine consiglia \u201cInvisibile agli occhi\u201d di Giovanna Caldara"},"content":{"rendered":"\n<p class=\"wp-block-paragraph\">Molte storie aspettano solo il momento giusto per incontrare nuovi occhi. <strong>La Vetrina <\/strong>di <strong>Casa Sanremo Writers<\/strong> \u00e8 quel momento: uno spazio in cui libri, autori ed emozioni si incontrano sotto i riflettori della settimana sanremese.<\/p>\n\n\n\n<hr class=\"wp-block-separator has-alpha-channel-opacity\" \/>\n\n\n\n<hr class=\"wp-block-separator has-alpha-channel-opacity\" \/>\n\n\n\n<blockquote class=\"wp-block-quote is-layout-flow wp-block-quote-is-layout-flow\">\n<p class=\"wp-block-paragraph\"><strong>MediaVox Magazine si prepara a scoprire gli scrittori e le scrittrici dell\u2019edizione 2027 del Salotto letterario di Casa Sanremo Writers.<\/strong><\/p>\n<\/blockquote>\n\n\n\n<p class=\"wp-block-paragraph\">Conosceremo insieme i protagonisti di questo viaggio partendo dalle persone, dai loro percorsi e dall\u2019istante in cui un\u2019idea diventa storia\u2026 Perch\u00e9 dietro ogni copertina c\u2019\u00e8 un universo da scoprire, un autore alla volta!<\/p>\n\n\n\n<blockquote class=\"wp-block-quote is-layout-flow wp-block-quote-is-layout-flow\">\n<p class=\"wp-block-paragraph\"><strong><mark style=\"background-color:#ffffff\" class=\"has-inline-color has-vivid-red-color\">Libro consigliato da MediaVox Magazine: \u201cInvisibile agli occhi\u201d di Giovanna Caldara. <\/mark><\/strong><br><\/p>\n\n\n\n<p class=\"wp-block-paragraph\"><strong><mark style=\"background-color:#ffffff\" class=\"has-inline-color has-vivid-red-color\">Ci sono ferite che non lasciano segni sulla pelle, ma abitano i pensieri, deformano lo sguardo che rivolgiamo a noi stessi e rendono difficile riconoscere il nostro valore. Con una scrittura intima e diretta, Giovanna Caldara d\u00e0 voce a Bea, una giovane donna sospesa tra il bisogno di essere accettata e il desiderio di liberarsi dai giudizi che l\u2019hanno accompagnata per tutta la vita. Invisibile agli occhi, edito da SBS Edizioni, attraversa con sensibilit\u00e0 temi delicati come l\u2019insicurezza, il rapporto complesso con il corpo e il cibo, la malattia e il bisogno di sentirsi finalmente all\u2019altezza. Nel legame con i bambini, negli incontri inattesi e nella forza silenziosa delle relazioni autentiche, Bea intravede per\u00f2 la possibilit\u00e0 di trasformare il dolore in consapevolezza. La metafora della crisalide diventa cos\u00ec il simbolo di una rinascita possibile: un invito ad accogliere le proprie fragilit\u00e0 e a comprendere che ci\u00f2 che davvero siamo, proprio come ci\u00f2 che proviamo, spesso resta invisibile agli occhi degli altri.<\/mark><\/strong><\/p>\n<\/blockquote>\n\n\n\n<figure class=\"wp-block-image size-large\"><img loading=\"lazy\" decoding=\"async\" width=\"715\" height=\"1024\" src=\"https:\/\/mediavoxmagazine.it\/wp-content\/uploads\/2026\/09\/IMG_8592-715x1024.jpeg\" alt=\"\" class=\"wp-image-44682\" srcset=\"https:\/\/mediavoxmagazine.it\/wp-content\/uploads\/2026\/09\/IMG_8592-715x1024.jpeg 715w, https:\/\/mediavoxmagazine.it\/wp-content\/uploads\/2026\/09\/IMG_8592-210x300.jpeg 210w, https:\/\/mediavoxmagazine.it\/wp-content\/uploads\/2026\/09\/IMG_8592-768x1099.jpeg 768w, https:\/\/mediavoxmagazine.it\/wp-content\/uploads\/2026\/09\/IMG_8592.jpeg 1048w\" sizes=\"auto, (max-width: 715px) 100vw, 715px\" \/><\/figure>\n\n\n\n<p class=\"wp-block-paragraph\"><strong><mark style=\"background-color:#ffffff\" class=\"has-inline-color has-vivid-green-cyan-color\">SINOSSI DELL\u2019OPERA<\/mark> |<\/strong> <em>Bea \u00e8 una giovane maestra d\u2019asilo che vive in Veneto. Ama profondamente il proprio lavoro e trova nei bambini una delle poche fonti di gratificazione, ma dietro la sua quotidianit\u00e0 apparentemente serena si nascondono insicurezze profonde, un doloroso senso di inadeguatezza e un rapporto complesso con il corpo e il cibo. I giudizi ricevuti in famiglia, soprattutto quelli della madre, hanno lasciato in lei ferite difficili da rimarginare, mentre le visite al padre, ospite di una casa di riposo e affetto da Alzheimer, la pongono costantemente di fronte alla fragilit\u00e0 della memoria e degli affetti. L\u2019incontro con Cris, un uomo a sua volta segnato dalla vita al quale Bea offre spontaneamente il proprio aiuto, interrompe l\u2019equilibrio precario delle sue giornate e la spinge a confrontarsi con i demoni interiori che da tempo la trattengono. Anche il rapporto con Andrea, un genitore della scuola, contribuisce ad accompagnarla lungo un percorso fatto di apertura, legami autentici e graduale accettazione di s\u00e9. Attraverso monologhi interiori e una narrazione quasi confessionale, il romanzo conduce il lettore nel mondo emotivo di chi si sente continuamente giudicato, raccontando il dolore nascosto dietro un sorriso e il coraggio necessario per imparare ad accogliere le proprie imperfezioni. La crisalide diventa infine il simbolo della trasformazione di Bea e della speranza in un domani pi\u00f9 libero, consapevole e autentico.<\/em><\/p>\n\n\n\n<p class=\"wp-block-paragraph\"><em><br><\/em><strong><mark style=\"background-color:#ffffff\" class=\"has-inline-color has-vivid-cyan-blue-color\">BIOGRAFIA DELL\u2019AUTRICE<\/mark><\/strong><em><strong> |<\/strong> Giovanna Caldara nasce a Venezia nel 1984 e vive a Treviso. Dopo una formazione classica, si laurea in Lettere e continua a coltivare un amore profondo per la lettura e la scrittura. Non ama definirsi una scrittrice, ma semplicemente \u00abuna che scrive\u00bb: lo fa ovunque, lasciando frammenti di parole, frasi ed emozioni in ogni luogo, reale o virtuale. Tra le sue passioni figurano la letteratura russa, gli unicorni e le vecchie edizioni dei libri. Nel marzo 2022 pubblica con Panesi Edizioni il romanzo Come miele e cannella, finalista al Premio Giorgione 2022; nell\u2019agosto 2023 esce Come un bucaneve, edito da Blueberry Edizioni. Nel gennaio 2026 pubblica con SBS Edizioni Invisibile agli occhi, opera che riceve una menzione speciale al BUK Festival della Piccola e Media Editoria 2026. Ha inoltre pubblicato diversi racconti: Quando si parla di anima, inserito nel 2023 nella raccolta Scrittori italiani \u2013 Libro nero di IVVI Editore; La nevicata perfetta, presente nella raccolta 10 di Panesi Edizioni; Il verso delle cicale, incluso nel 2024 in Accadde un\u2019estate, il cui ricavato \u00e8 stato interamente devoluto all\u2019associazione Gomitolorosa; e Tra addobbi e amore, pubblicato nella raccolta Un amore sotto l\u2019albero di Blueberry Edizioni. Nell\u2019ottobre 2025 il racconto I giorni di Anna si \u00e8 classificato al secondo posto al Premio Letterario Raffaella Danzinelli.<\/em><\/p>\n\n\n\n<hr class=\"wp-block-separator has-alpha-channel-opacity\" \/>\n\n\n\n<hr class=\"wp-block-separator has-alpha-channel-opacity\" \/>\n","protected":false},"excerpt":{"rendered":"<div class=\"mh-excerpt\"><p>Molte storie aspettano solo il momento giusto per incontrare nuovi occhi. La Vetrina di Casa Sanremo Writers \u00e8 quel momento: uno spazio in cui libri, <a class=\"mh-excerpt-more\" href=\"https:\/\/mediavoxmagazine.it\/?p=44681\" title=\"CASA SANREMO WRITERS 2027 | MediaVox Magazine consiglia \u201cInvisibile agli occhi\u201d di Giovanna Caldara\">[&#8230;]<\/a><\/p>\n<\/div>","protected":false},"author":60,"featured_media":44486,"comment_status":"closed","ping_status":"closed","sticky":false,"template":"","format":"standard","meta":{"footnotes":""},"categories":[244],"tags":[84,1227,1433,1451,1435,58,1434,1432],"class_list":["post-44681","post","type-post","status-publish","format-standard","has-post-thumbnail","hentry","category-speciale-sanremo","tag-casa-sanremo","tag-casa-sanremo-writers","tag-consigli-di-lettura","tag-giovanna-caldara","tag-la-vetrina","tag-libri","tag-salotto-letterario","tag-writers"],"_links":{"self":[{"href":"https:\/\/mediavoxmagazine.it\/index.php?rest_route=\/wp\/v2\/posts\/44681","targetHints":{"allow":["GET"]}}],"collection":[{"href":"https:\/\/mediavoxmagazine.it\/index.php?rest_route=\/wp\/v2\/posts"}],"about":[{"href":"https:\/\/mediavoxmagazine.it\/index.php?rest_route=\/wp\/v2\/types\/post"}],"author":[{"embeddable":true,"href":"https:\/\/mediavoxmagazine.it\/index.php?rest_route=\/wp\/v2\/users\/60"}],"replies":[{"embeddable":true,"href":"https:\/\/mediavoxmagazine.it\/index.php?rest_route=%2Fwp%2Fv2%2Fcomments&post=44681"}],"version-history":[{"count":2,"href":"https:\/\/mediavoxmagazine.it\/index.php?rest_route=\/wp\/v2\/posts\/44681\/revisions"}],"predecessor-version":[{"id":44684,"href":"https:\/\/mediavoxmagazine.it\/index.php?rest_route=\/wp\/v2\/posts\/44681\/revisions\/44684"}],"wp:featuredmedia":[{"embeddable":true,"href":"https:\/\/mediavoxmagazine.it\/index.php?rest_route=\/wp\/v2\/media\/44486"}],"wp:attachment":[{"href":"https:\/\/mediavoxmagazine.it\/index.php?rest_route=%2Fwp%2Fv2%2Fmedia&parent=44681"}],"wp:term":[{"taxonomy":"category","embeddable":true,"href":"https:\/\/mediavoxmagazine.it\/index.php?rest_route=%2Fwp%2Fv2%2Fcategories&post=44681"},{"taxonomy":"post_tag","embeddable":true,"href":"https:\/\/mediavoxmagazine.it\/index.php?rest_route=%2Fwp%2Fv2%2Ftags&post=44681"}],"curies":[{"name":"wp","href":"https:\/\/api.w.org\/{rel}","templated":true}]}}