{"id":44690,"date":"2026-09-04T11:37:19","date_gmt":"2026-09-04T10:37:19","guid":{"rendered":"https:\/\/mediavoxmagazine.it\/?p=44690"},"modified":"2026-09-04T11:39:20","modified_gmt":"2026-09-04T10:39:20","slug":"casa-sanremo-writers-2027-mediavox-magazine-consiglia-nebbia-di-chiara-domeniconi-e-federico-cricchio","status":"publish","type":"post","link":"https:\/\/mediavoxmagazine.it\/?p=44690","title":{"rendered":"CASA SANREMO WRITERS 2027 | MediaVox Magazine consiglia \u201cNebbia\u201d di Chiara Domeniconi e Federico Cricchio"},"content":{"rendered":"\n<p class=\"wp-block-paragraph\">Molte storie aspettano solo il momento giusto per incontrare nuovi occhi. La <strong>Vetrina <\/strong>di<strong> Casa Sanremo Writers<\/strong> \u00e8 quel momento: uno spazio in cui libri, autori ed emozioni si incontrano sotto i riflettori della settimana sanremese.<\/p>\n\n\n\n<hr class=\"wp-block-separator has-alpha-channel-opacity\" \/>\n\n\n\n<hr class=\"wp-block-separator has-alpha-channel-opacity\" \/>\n\n\n\n<blockquote class=\"wp-block-quote is-layout-flow wp-block-quote-is-layout-flow\">\n<p class=\"wp-block-paragraph\"><strong>MediaVox Magazine si prepara a scoprire gli scrittori e le scrittrici dell\u2019edizione 2027 del Salotto letterario di Casa Sanremo Writers.<\/strong><\/p>\n<\/blockquote>\n\n\n\n<p class=\"wp-block-paragraph\">Conosceremo insieme i protagonisti di questo viaggio partendo dalle persone, dai loro percorsi e dall\u2019istante in cui un\u2019idea diventa storia\u2026 Perch\u00e9 dietro ogni copertina c\u2019\u00e8 un universo da scoprire, un autore alla volta!<\/p>\n\n\n\n<blockquote class=\"wp-block-quote is-layout-flow wp-block-quote-is-layout-flow\">\n<p class=\"wp-block-paragraph\"><mark style=\"background-color:#ffffff\" class=\"has-inline-color has-vivid-red-color\"><strong>Libro consigliato da MediaVox Magazine: \u201cNebbia\u201d di Chiara Domeniconi e Federico Cricchio. <\/strong><\/mark><br><\/p>\n\n\n\n<p class=\"wp-block-paragraph\"><mark style=\"background-color:#ffffff\" class=\"has-inline-color has-vivid-red-color\"><strong>Ci sono libri che raccontano ci\u00f2 che appare e altri che scelgono di inoltrarsi nei territori pi\u00f9 nascosti dell\u2019animo umano. <em>Nebbia<\/em>, edito da SBS Edizioni nella collana Meraki, appartiene a questa seconda dimensione: un\u2019opera a quattro mani sospesa tra saggio narrativo, memoria autobiografica, storia e meditazione poetica. La nebbia attraversa le pagine non soltanto come fenomeno atmosferico, ma come presenza simbolica capace di avvolgere luoghi, ricordi, ferite e domande rimaste senza risposta. Nasconde e, al tempo stesso, protegge; disorienta, ma invita a rallentare e a osservare pi\u00f9 profondamente. Nel suo progressivo diradarsi riaffiorano le persone amate, il dolore delle assenze e quella luce che continua a resistere oltre ogni perdita. Anche la fotografia di copertina, realizzata da Paola Poletti e Grazia Campana durante una passeggiata mattutina nelle campagne modenesi, racchiude perfettamente l\u2019anima dell\u2019opera.<\/strong><\/mark><\/p>\n<\/blockquote>\n\n\n\n<figure class=\"wp-block-image size-large\"><img loading=\"lazy\" decoding=\"async\" width=\"683\" height=\"1024\" src=\"https:\/\/mediavoxmagazine.it\/wp-content\/uploads\/2026\/09\/IMG_8594-683x1024.jpeg\" alt=\"\" class=\"wp-image-44691\" srcset=\"https:\/\/mediavoxmagazine.it\/wp-content\/uploads\/2026\/09\/IMG_8594-683x1024.jpeg 683w, https:\/\/mediavoxmagazine.it\/wp-content\/uploads\/2026\/09\/IMG_8594-200x300.jpeg 200w, https:\/\/mediavoxmagazine.it\/wp-content\/uploads\/2026\/09\/IMG_8594-768x1152.jpeg 768w, https:\/\/mediavoxmagazine.it\/wp-content\/uploads\/2026\/09\/IMG_8594.jpeg 1020w\" sizes=\"auto, (max-width: 683px) 100vw, 683px\" \/><\/figure>\n\n\n\n<p class=\"wp-block-paragraph\"><strong><mark style=\"background-color:#ffffff\" class=\"has-inline-color has-vivid-green-cyan-color\">SINOSSI DELL\u2019OPERA<\/mark> |<\/strong> <em>Dalle scogliere irlandesi alla pianura padana, passando per Gerusalemme, Taranto e Modena, Nebbia conduce il lettore lungo un viaggio culturale, storico e profondamente umano. Le vicende di San Cataldo e San Geminiano, le campagne emiliane avvolte dalla foschia e il cimitero modenese di San Cataldo diventano i primi punti di un itinerario nel quale il confine tra terra e cielo, vita e morte, memoria e oblio sembra progressivamente dissolversi. Attraverso nove capitoli, Chiara Domeniconi e Federico Cricchio esplorano la presenza della nebbia nell\u2019arte, nel cinema, nella poesia e nella cultura popolare, richiamando autori e protagonisti come Federico Fellini, Tot\u00f2 e Peppino De Filippo, Giovanni Pascoli, Giosu\u00e8 Carducci, Roberto Vecchioni e Guido Cavani. Alle suggestioni letterarie e artistiche si intrecciano antichi cammini, migrazioni, epigrafi, tradizioni, fotografie e testimonianze capaci di restituire voce a esistenze apparentemente consegnate al silenzio. Il percorso diventa progressivamente pi\u00f9 intimo quando la nebbia esteriore si trasforma in nebbia dell\u2019anima. Gli autori si confrontano con il lutto, il suicidio, la sofferenza mentale, la perdita improvvisa delle figure paterne e la difficolt\u00e0 di ricomporre ricordi che il tempo ha reso indefiniti. Le loro voci, differenti ma complementari, si incontrano in una riflessione sul bisogno di comprendere, perdonare e continuare a vivere. Nebbia non offre risposte definitive, ma accompagna il lettore dentro quelle domande che appartengono a ogni essere umano. \u00c8 un libro sulla morte che continua ostinatamente a parlare della vita, sulla fragilit\u00e0 che pu\u00f2 diventare consapevolezza e sulla memoria che, attraversato il dolore, riesce ancora a trasformarsi in luce.<\/em><\/p>\n\n\n\n<p class=\"wp-block-paragraph\"><strong><mark style=\"background-color:#ffffff\" class=\"has-inline-color has-vivid-cyan-blue-color\">BIOGRAFIA DEGLI AUTORI<\/mark> |<\/strong> <em>Chiara Domeniconi \u00e8 nata il 27 novembre 1972 a Sassuolo, in provincia di Modena. Si occupa della gestione degli immobili di famiglia e, per passione, della produzione e vendita di alimenti biologici e distillati. Nel 2015 ha frequentato la Scuola Holden di Alessandro Baricco e dal 2016 si dedica professionalmente alla scrittura. Ha pubblicato raccolte poetiche, narrativa e storie per bambini con diverse case editrici, tra cui Altromondo, La Rondine, Vertigo Edizioni, Lupi Editore, Argentodorato e Armando Curcio Editore. Con SBS Edizioni ha pubblicato, tra le altre opere, la silloge Mani in extasy. In mendacio veritatis. In errore legis, proposta al Premio Strega Poesia e successivamente tradotta in francese, il giallo Doppia vendetta, Il contratto. La danza del potere e Anatomia del dolore \u2013 Diario di una straordinaria donna qualunque, classificatosi secondo ex aequo al Premio letterario-giornalistico Nadia Toffa. Nel corso degli anni ha ricevuto numerosi riconoscimenti e partecipato a importanti manifestazioni nazionali e internazionali, tra cui Casa Sanremo Writers e Writers Capital International ad Atene. <br><\/em><br><em>Federico Cricchio \u00e8 nato a Modena il 5 novembre 1970. Ha costruito il proprio percorso personale e professionale lontano dai tradizionali circuiti accademici, lavorando per circa vent\u2019anni nel settore commerciale e raggiungendo importanti soddisfazioni familiari e lavorative. Marito, padre di due figli e nonno, ha affrontato anche la difficile esperienza di un infarto, trasformando la propria storia in una consapevolezza ancora pi\u00f9 profonda del valore della vita. Coltiva la passione per la lavorazione del legno e del cuoio, la fotografia e il cicloturismo. In Nebbia affida alla scrittura memorie familiari, riflessioni sul tempo e il ricordo del padre, componendo un racconto autentico nel quale fragilit\u00e0, ironia e umanit\u00e0 convivono<\/em>. <br><\/p>\n\n\n\n<p class=\"wp-block-paragraph\"><em>Con Nebbia, Chiara Domeniconi e Federico Cricchio giungono alla Vetrina di Casa Sanremo Writers 2027 con un\u2019opera che invita a non temere ci\u00f2 che lo sguardo non riesce immediatamente a distinguere. Perch\u00e9, talvolta, \u00e8 proprio attraversando la nebbia che impariamo a riconoscere noi stessi, il dolore che ci ha cambiati e la luce rimasta ad attenderci oltre il velo.<\/em><\/p>\n\n\n\n<hr class=\"wp-block-separator has-alpha-channel-opacity\" \/>\n\n\n\n<hr class=\"wp-block-separator has-alpha-channel-opacity\" \/>\n","protected":false},"excerpt":{"rendered":"<div class=\"mh-excerpt\"><p>Molte storie aspettano solo il momento giusto per incontrare nuovi occhi. La Vetrina di Casa Sanremo Writers \u00e8 quel momento: uno spazio in cui libri, <a class=\"mh-excerpt-more\" href=\"https:\/\/mediavoxmagazine.it\/?p=44690\" title=\"CASA SANREMO WRITERS 2027 | MediaVox Magazine consiglia \u201cNebbia\u201d di Chiara Domeniconi e Federico Cricchio\">[&#8230;]<\/a><\/p>\n<\/div>","protected":false},"author":60,"featured_media":44486,"comment_status":"closed","ping_status":"closed","sticky":false,"template":"","format":"standard","meta":{"footnotes":""},"categories":[244],"tags":[84,1227,1433,1435,58,1434,1432],"class_list":["post-44690","post","type-post","status-publish","format-standard","has-post-thumbnail","hentry","category-speciale-sanremo","tag-casa-sanremo","tag-casa-sanremo-writers","tag-consigli-di-lettura","tag-la-vetrina","tag-libri","tag-salotto-letterario","tag-writers"],"_links":{"self":[{"href":"https:\/\/mediavoxmagazine.it\/index.php?rest_route=\/wp\/v2\/posts\/44690","targetHints":{"allow":["GET"]}}],"collection":[{"href":"https:\/\/mediavoxmagazine.it\/index.php?rest_route=\/wp\/v2\/posts"}],"about":[{"href":"https:\/\/mediavoxmagazine.it\/index.php?rest_route=\/wp\/v2\/types\/post"}],"author":[{"embeddable":true,"href":"https:\/\/mediavoxmagazine.it\/index.php?rest_route=\/wp\/v2\/users\/60"}],"replies":[{"embeddable":true,"href":"https:\/\/mediavoxmagazine.it\/index.php?rest_route=%2Fwp%2Fv2%2Fcomments&post=44690"}],"version-history":[{"count":5,"href":"https:\/\/mediavoxmagazine.it\/index.php?rest_route=\/wp\/v2\/posts\/44690\/revisions"}],"predecessor-version":[{"id":44696,"href":"https:\/\/mediavoxmagazine.it\/index.php?rest_route=\/wp\/v2\/posts\/44690\/revisions\/44696"}],"wp:featuredmedia":[{"embeddable":true,"href":"https:\/\/mediavoxmagazine.it\/index.php?rest_route=\/wp\/v2\/media\/44486"}],"wp:attachment":[{"href":"https:\/\/mediavoxmagazine.it\/index.php?rest_route=%2Fwp%2Fv2%2Fmedia&parent=44690"}],"wp:term":[{"taxonomy":"category","embeddable":true,"href":"https:\/\/mediavoxmagazine.it\/index.php?rest_route=%2Fwp%2Fv2%2Fcategories&post=44690"},{"taxonomy":"post_tag","embeddable":true,"href":"https:\/\/mediavoxmagazine.it\/index.php?rest_route=%2Fwp%2Fv2%2Ftags&post=44690"}],"curies":[{"name":"wp","href":"https:\/\/api.w.org\/{rel}","templated":true}]}}