{"id":44698,"date":"2026-09-04T12:25:19","date_gmt":"2026-09-04T11:25:19","guid":{"rendered":"https:\/\/mediavoxmagazine.it\/?p=44698"},"modified":"2026-09-04T12:25:19","modified_gmt":"2026-09-04T11:25:19","slug":"casa-sanremo-writers-2027-mediavox-magazine-consiglia-essenziale-di-miriam-giovannetti","status":"publish","type":"post","link":"https:\/\/mediavoxmagazine.it\/?p=44698","title":{"rendered":"CASA SANREMO WRITERS 2027 | MediaVox Magazine consiglia \u201cEssenziale\u201d di Miriam Giovannetti"},"content":{"rendered":"\n<p class=\"wp-block-paragraph\">Molte storie aspettano solo il momento giusto per incontrare nuovi occhi.<strong> La Vetrina<\/strong> di <strong>Casa Sanremo Writers<\/strong> \u00e8 quel momento: uno spazio in cui libri, autori ed emozioni si incontrano sotto i riflettori della settimana sanremese.<\/p>\n\n\n\n<hr class=\"wp-block-separator has-alpha-channel-opacity\" \/>\n\n\n\n<hr class=\"wp-block-separator has-alpha-channel-opacity\" \/>\n\n\n\n<blockquote class=\"wp-block-quote is-layout-flow wp-block-quote-is-layout-flow\">\n<p class=\"wp-block-paragraph\"><strong>MediaVox Magazine si prepara a scoprire gli scrittori e le scrittrici dell\u2019edizione 2027 del Salotto letterario di Casa Sanremo Writers.<\/strong><\/p>\n<\/blockquote>\n\n\n\n<p class=\"wp-block-paragraph\">Conosceremo insieme i protagonisti di questo viaggio partendo dalle persone, dai loro percorsi e dall\u2019istante in cui un\u2019idea diventa storia\u2026 Perch\u00e9 dietro ogni copertina c\u2019\u00e8 un universo da scoprire, un autore alla volta!<\/p>\n\n\n\n<blockquote class=\"wp-block-quote is-layout-flow wp-block-quote-is-layout-flow\">\n<p class=\"wp-block-paragraph\"><strong><mark style=\"background-color:#ffffff\" class=\"has-inline-color has-vivid-red-color\">Libro consigliato da MediaVox Magazine: \u201cEssenziale\u201d di Miriam Giovannetti. <\/mark><\/strong><br><\/p>\n\n\n\n<p class=\"wp-block-paragraph\"><strong><mark style=\"background-color:#ffffff\" class=\"has-inline-color has-vivid-red-color\">Tra le pagine di <em>Essenziale<\/em>, Miriam Giovannetti trasforma la propria esperienza personale in un cammino condiviso, capace di parlare a chiunque abbia conosciuto il peso delle ferite e il desiderio di ricominciare. Adozione, relazioni affettive, attacchi d\u2019ansia e perdita compongono le tappe di un racconto autentico, nel quale il dolore non viene negato, ma attraversato fino a diventare consapevolezza. L\u2019incontro con la naturopatia e con il potere degli oli essenziali apre cos\u00ec uno spazio nuovo, fatto di ascolto, equilibrio e riconnessione con s\u00e9 stessi. Un libro intimo e luminoso che invita il lettore a rallentare, interrogarsi e riscoprire ci\u00f2 che conta davvero: l\u2019essenziale.<\/mark><\/strong><\/p>\n<\/blockquote>\n\n\n\n<figure class=\"wp-block-image size-full\"><img loading=\"lazy\" decoding=\"async\" width=\"383\" height=\"523\" src=\"https:\/\/mediavoxmagazine.it\/wp-content\/uploads\/2026\/09\/IMG_8595.jpeg\" alt=\"\" class=\"wp-image-44699\" srcset=\"https:\/\/mediavoxmagazine.it\/wp-content\/uploads\/2026\/09\/IMG_8595.jpeg 383w, https:\/\/mediavoxmagazine.it\/wp-content\/uploads\/2026\/09\/IMG_8595-220x300.jpeg 220w\" sizes=\"auto, (max-width: 383px) 100vw, 383px\" \/><\/figure>\n\n\n\n<p class=\"wp-block-paragraph\"><strong><mark style=\"background-color:#ffffff\" class=\"has-inline-color has-vivid-green-cyan-color\">SINOSSI DELL\u2019OPERA<\/mark> |<\/strong> <em>Essenziale \u00e8 un\u2019opera autobiografica che racconta un intenso percorso di crescita, rinascita e consapevolezza. Attraverso esperienze di vita autentiche, Miriam Giovannetti affronta temi come l\u2019adozione, le relazioni affettive, gli attacchi d\u2019ansia, la perdita e la ricerca del proprio equilibrio interiore. Il dolore si trasforma progressivamente in un\u2019occasione di cambiamento, grazie anche all\u2019incontro con la naturopatia e al potere degli oli essenziali, che diventano strumenti di benessere e riconnessione con s\u00e9 stessi. Arricchito da spunti di riflessione e pagine dedicate alla scrittura personale, il libro invita il lettore a intraprendere un viaggio verso l\u2019autenticit\u00e0, riscoprendo ci\u00f2 che \u00e8 davvero essenziale per vivere con serenit\u00e0 e consapevolezza.<\/em><\/p>\n\n\n\n<p class=\"wp-block-paragraph\"><strong><mark style=\"background-color:#ffffff\" class=\"has-inline-color has-vivid-cyan-blue-color\">BIOGRAFIA DELL\u2019AUTRICE<\/mark> |<\/strong> <em>Miriam Giovannetti \u00e8 naturopata e autrice di Essenziale, il suo primo libro. Attraverso la propria esperienza personale, unisce il racconto autobiografico alla passione per il benessere naturale, la crescita interiore e l\u2019aromaterapia. Nel suo lavoro accompagna le persone in percorsi orientati all\u2019ascolto di s\u00e9 e alla ricerca dell\u2019equilibrio psicofisico. Con Essenziale condivide una testimonianza di resilienza e rinascita, offrendo al lettore strumenti di riflessione e consapevolezza.<\/em><\/p>\n\n\n\n<hr class=\"wp-block-separator has-alpha-channel-opacity\" \/>\n\n\n\n<hr class=\"wp-block-separator has-alpha-channel-opacity\" \/>\n","protected":false},"excerpt":{"rendered":"<div class=\"mh-excerpt\"><p>Molte storie aspettano solo il momento giusto per incontrare nuovi occhi. La Vetrina di Casa Sanremo Writers \u00e8 quel momento: uno spazio in cui libri, <a class=\"mh-excerpt-more\" href=\"https:\/\/mediavoxmagazine.it\/?p=44698\" title=\"CASA SANREMO WRITERS 2027 | MediaVox Magazine consiglia \u201cEssenziale\u201d di Miriam Giovannetti\">[&#8230;]<\/a><\/p>\n<\/div>","protected":false},"author":60,"featured_media":44486,"comment_status":"closed","ping_status":"closed","sticky":false,"template":"","format":"standard","meta":{"footnotes":""},"categories":[244],"tags":[84,1227,1433,1435,58,1453,1434,1432],"class_list":["post-44698","post","type-post","status-publish","format-standard","has-post-thumbnail","hentry","category-speciale-sanremo","tag-casa-sanremo","tag-casa-sanremo-writers","tag-consigli-di-lettura","tag-la-vetrina","tag-libri","tag-miriam-giovannetti","tag-salotto-letterario","tag-writers"],"_links":{"self":[{"href":"https:\/\/mediavoxmagazine.it\/index.php?rest_route=\/wp\/v2\/posts\/44698","targetHints":{"allow":["GET"]}}],"collection":[{"href":"https:\/\/mediavoxmagazine.it\/index.php?rest_route=\/wp\/v2\/posts"}],"about":[{"href":"https:\/\/mediavoxmagazine.it\/index.php?rest_route=\/wp\/v2\/types\/post"}],"author":[{"embeddable":true,"href":"https:\/\/mediavoxmagazine.it\/index.php?rest_route=\/wp\/v2\/users\/60"}],"replies":[{"embeddable":true,"href":"https:\/\/mediavoxmagazine.it\/index.php?rest_route=%2Fwp%2Fv2%2Fcomments&post=44698"}],"version-history":[{"count":1,"href":"https:\/\/mediavoxmagazine.it\/index.php?rest_route=\/wp\/v2\/posts\/44698\/revisions"}],"predecessor-version":[{"id":44700,"href":"https:\/\/mediavoxmagazine.it\/index.php?rest_route=\/wp\/v2\/posts\/44698\/revisions\/44700"}],"wp:featuredmedia":[{"embeddable":true,"href":"https:\/\/mediavoxmagazine.it\/index.php?rest_route=\/wp\/v2\/media\/44486"}],"wp:attachment":[{"href":"https:\/\/mediavoxmagazine.it\/index.php?rest_route=%2Fwp%2Fv2%2Fmedia&parent=44698"}],"wp:term":[{"taxonomy":"category","embeddable":true,"href":"https:\/\/mediavoxmagazine.it\/index.php?rest_route=%2Fwp%2Fv2%2Fcategories&post=44698"},{"taxonomy":"post_tag","embeddable":true,"href":"https:\/\/mediavoxmagazine.it\/index.php?rest_route=%2Fwp%2Fv2%2Ftags&post=44698"}],"curies":[{"name":"wp","href":"https:\/\/api.w.org\/{rel}","templated":true}]}}