{"id":44714,"date":"2026-09-04T13:58:14","date_gmt":"2026-09-04T12:58:14","guid":{"rendered":"https:\/\/mediavoxmagazine.it\/?p=44714"},"modified":"2026-09-04T13:58:14","modified_gmt":"2026-09-04T12:58:14","slug":"casa-sanremo-writers-2027-mediavox-magazine-consiglia-io-non-sono-peter-pan-di-orietta-bosch","status":"publish","type":"post","link":"https:\/\/mediavoxmagazine.it\/?p=44714","title":{"rendered":"CASA SANREMO WRITERS 2027 | MediaVox Magazine consiglia \u201cIo non sono Peter Pan\u201d di Orietta Bosch"},"content":{"rendered":"\n<p class=\"wp-block-paragraph\">Molte storie aspettano solo il momento giusto per incontrare nuovi occhi. <strong>La Vetrina<\/strong> di <strong>Casa Sanremo Writers<\/strong> \u00e8 quel momento: uno spazio in cui libri, autori ed emozioni si incontrano sotto i riflettori della settimana sanremese.<\/p>\n\n\n\n<hr class=\"wp-block-separator has-alpha-channel-opacity\" \/>\n\n\n\n<hr class=\"wp-block-separator has-alpha-channel-opacity\" \/>\n\n\n\n<blockquote class=\"wp-block-quote is-layout-flow wp-block-quote-is-layout-flow\">\n<p class=\"wp-block-paragraph\"><strong>MediaVox Magazine si prepara a scoprire gli scrittori e le scrittrici dell\u2019edizione 2027 del Salotto letterario di Casa Sanremo Writers.<\/strong><\/p>\n<\/blockquote>\n\n\n\n<p class=\"wp-block-paragraph\">Conosceremo insieme i protagonisti di questo viaggio partendo dalle persone, dai loro percorsi e dall\u2019istante in cui un\u2019idea diventa storia\u2026 Perch\u00e9 dietro ogni copertina c\u2019\u00e8 un universo da scoprire, un autore alla volta!<\/p>\n\n\n\n<blockquote class=\"wp-block-quote is-layout-flow wp-block-quote-is-layout-flow\">\n<p class=\"wp-block-paragraph\"><mark style=\"background-color:#ffffff\" class=\"has-inline-color has-vivid-red-color\"><strong>Libro consigliato da MediaVox Magazine: \u201cIo non sono Peter Pan\u201d di Orietta Bosch.<\/strong> <\/mark><br><\/p>\n\n\n\n<p class=\"wp-block-paragraph\"><mark style=\"background-color:#ffffff\" class=\"has-inline-color has-vivid-red-color\"><strong>Una storia vera, intensa e profondamente attuale, che invita gli adulti a fermarsi e ad ascoltare una generazione troppo spesso giudicata e raramente compresa. Attraverso il viaggio di Paolo, giovane cresciuto sul confine ormai invisibile tra realt\u00e0 e mondo digitale, Orietta Bosch affronta con sensibilit\u00e0 il ritiro sociale, la psicoterapia, l\u2019ingresso nel mondo del lavoro e la difficile ricerca del proprio posto nella vita. Un romanzo di formazione che supera gli stereotipi, trasforma la fragilit\u00e0 in occasione di incontro e ricorda che crescere non significa smettere di sognare, ma trovare il coraggio di cadere, rialzarsi e ricominciare.<\/strong><\/mark><\/p>\n<\/blockquote>\n\n\n\n<figure class=\"wp-block-image size-large\"><img loading=\"lazy\" decoding=\"async\" width=\"666\" height=\"1024\" src=\"https:\/\/mediavoxmagazine.it\/wp-content\/uploads\/2026\/09\/IMG_8599-666x1024.jpeg\" alt=\"\" class=\"wp-image-44715\" srcset=\"https:\/\/mediavoxmagazine.it\/wp-content\/uploads\/2026\/09\/IMG_8599-666x1024.jpeg 666w, https:\/\/mediavoxmagazine.it\/wp-content\/uploads\/2026\/09\/IMG_8599-195x300.jpeg 195w, https:\/\/mediavoxmagazine.it\/wp-content\/uploads\/2026\/09\/IMG_8599-768x1181.jpeg 768w, https:\/\/mediavoxmagazine.it\/wp-content\/uploads\/2026\/09\/IMG_8599.jpeg 997w\" sizes=\"auto, (max-width: 666px) 100vw, 666px\" \/><\/figure>\n\n\n\n<p class=\"wp-block-paragraph\"><strong><mark style=\"background-color:#ffffff\" class=\"has-inline-color has-vivid-green-cyan-color\">SINOSSI DELL\u2019OPERA<\/mark> |<\/strong> <em>\u00abNon \u00e8 colpa nostra, ci avete insegnato tutto, tranne a cadere\u00bb. Con una sola frase Paolo costringe gli adulti a fermarsi. A guardare davvero la Generazione Z: ragazzi cresciuti con lo schermo come specchio e confine, in un mondo dove online e offline non sono due realt\u00e0, ma un\u2019unica corrente nella quale si impara a nuotare oppure si rischia di affondare. Ad ascoltarlo \u00e8 Orietta, nata nel 1959. Durante un congresso a Milano incontra Paolo e, attraverso il suo racconto, scopre un universo che credeva di conoscere. Tra domande, silenzi e confronti, ogni certezza comincia a incrinarsi. Paolo ripercorre il proprio viaggio: il ritiro nel silenzio dell\u2019hikikomori, il lungo cammino della psicoterapia, il difficile ingresso nel mondo del lavoro, dove l\u2019efficienza sembra contare pi\u00f9 dell\u2019umanit\u00e0. Poi, quasi senza accorgersene, comprende che tendere la mano a chi condivide le sue fragilit\u00e0 significa ritrovare anche s\u00e9 stesso. Nato da storie vere, rielaborate per custodirne l\u2019intimit\u00e0, Io non sono Peter Pan \u00e8 un romanzo di formazione intenso e attuale, che d\u00e0 voce a una generazione troppo spesso giudicata e troppo raramente ascoltata. Un invito a guardare oltre gli stereotipi e a riconoscere che la fragilit\u00e0 non \u00e8 una colpa, ma il primo passo verso una rinascita. Perch\u00e9 la vita non si spiega. Si attraversa. E per diventare grandi bisogna prima imparare a cadere.<\/em><\/p>\n\n\n\n<p class=\"wp-block-paragraph\"><strong><mark style=\"background-color:#ffffff\" class=\"has-inline-color has-vivid-cyan-blue-color\">BIOGRAFIA DELL\u2019AUTRICE<\/mark> |<\/strong> <em>Orietta Bosch, nata nel 1959, \u00e8 un\u2019infermiera in pensione con una formazione magistrale. La scrittura l\u2019accompagna da sempre come un filo invisibile capace di attraversare ogni stagione della sua vita, anche negli anni in cui il lavoro e gli impegni quotidiani lasciavano poco spazio ai sogni. Con la pensione ha trovato il tempo e il coraggio di trasformare i manoscritti custoditi a lungo in libri destinati ai lettori. Ha pubblicato dodici romanzi, nati dal desiderio di dare voce a storie vere, emozioni autentiche e persone meritevoli di essere ascoltate. Il suo primo libro, particolarmente intimo e doloroso, racconta la sua vita e il viaggio affrontato dopo la perdita del figlio: la scrittura \u00e8 diventata cos\u00ec non soltanto una passione, ma una cura capace di trasformare il dolore in memoria e la memoria in speranza. Da allora ha scelto di narrare anche le storie affidatele dalle persone incontrate lungo il cammino, raccontando vicende di coraggio, sacrificio, amore e rinascita. Il suo dodicesimo romanzo, Io non sono Peter Pan, edito da Pluriversum Edizioni, sar\u00e0 presentato a Casa Sanremo Writers 2027. Nel corso degli anni ha ottenuto numerosi premi e riconoscimenti, continuando a scrivere con il cuore e con la convinzione che le parole possano lenire le ferite, custodire la memoria e accendere una luce persino nei giorni pi\u00f9 difficili.<\/em><\/p>\n\n\n\n<hr class=\"wp-block-separator has-alpha-channel-opacity\" \/>\n\n\n\n<hr class=\"wp-block-separator has-alpha-channel-opacity\" \/>\n","protected":false},"excerpt":{"rendered":"<div class=\"mh-excerpt\"><p>Molte storie aspettano solo il momento giusto per incontrare nuovi occhi. La Vetrina di Casa Sanremo Writers \u00e8 quel momento: uno spazio in cui libri, <a class=\"mh-excerpt-more\" href=\"https:\/\/mediavoxmagazine.it\/?p=44714\" title=\"CASA SANREMO WRITERS 2027 | MediaVox Magazine consiglia \u201cIo non sono Peter Pan\u201d di Orietta Bosch\">[&#8230;]<\/a><\/p>\n<\/div>","protected":false},"author":60,"featured_media":44486,"comment_status":"closed","ping_status":"closed","sticky":false,"template":"","format":"standard","meta":{"footnotes":""},"categories":[244],"tags":[84,1227,1433,1435,58,1458,1434,1432],"class_list":["post-44714","post","type-post","status-publish","format-standard","has-post-thumbnail","hentry","category-speciale-sanremo","tag-casa-sanremo","tag-casa-sanremo-writers","tag-consigli-di-lettura","tag-la-vetrina","tag-libri","tag-orietta-bosch","tag-salotto-letterario","tag-writers"],"_links":{"self":[{"href":"https:\/\/mediavoxmagazine.it\/index.php?rest_route=\/wp\/v2\/posts\/44714","targetHints":{"allow":["GET"]}}],"collection":[{"href":"https:\/\/mediavoxmagazine.it\/index.php?rest_route=\/wp\/v2\/posts"}],"about":[{"href":"https:\/\/mediavoxmagazine.it\/index.php?rest_route=\/wp\/v2\/types\/post"}],"author":[{"embeddable":true,"href":"https:\/\/mediavoxmagazine.it\/index.php?rest_route=\/wp\/v2\/users\/60"}],"replies":[{"embeddable":true,"href":"https:\/\/mediavoxmagazine.it\/index.php?rest_route=%2Fwp%2Fv2%2Fcomments&post=44714"}],"version-history":[{"count":1,"href":"https:\/\/mediavoxmagazine.it\/index.php?rest_route=\/wp\/v2\/posts\/44714\/revisions"}],"predecessor-version":[{"id":44716,"href":"https:\/\/mediavoxmagazine.it\/index.php?rest_route=\/wp\/v2\/posts\/44714\/revisions\/44716"}],"wp:featuredmedia":[{"embeddable":true,"href":"https:\/\/mediavoxmagazine.it\/index.php?rest_route=\/wp\/v2\/media\/44486"}],"wp:attachment":[{"href":"https:\/\/mediavoxmagazine.it\/index.php?rest_route=%2Fwp%2Fv2%2Fmedia&parent=44714"}],"wp:term":[{"taxonomy":"category","embeddable":true,"href":"https:\/\/mediavoxmagazine.it\/index.php?rest_route=%2Fwp%2Fv2%2Fcategories&post=44714"},{"taxonomy":"post_tag","embeddable":true,"href":"https:\/\/mediavoxmagazine.it\/index.php?rest_route=%2Fwp%2Fv2%2Ftags&post=44714"}],"curies":[{"name":"wp","href":"https:\/\/api.w.org\/{rel}","templated":true}]}}