{"id":44721,"date":"2026-09-05T02:34:25","date_gmt":"2026-09-05T01:34:25","guid":{"rendered":"https:\/\/mediavoxmagazine.it\/?p=44721"},"modified":"2026-09-05T02:34:53","modified_gmt":"2026-09-05T01:34:53","slug":"casa-sanremo-writers-2027-mediavox-magazine-consiglia-linfinito-negli-occhi-di-gilda-luzzi","status":"publish","type":"post","link":"https:\/\/mediavoxmagazine.it\/?p=44721","title":{"rendered":"CASA SANREMO WRITERS 2027 | MediaVox Magazine consiglia \u201cL\u2019infinito negli occhi\u201d di Gilda Luzzi"},"content":{"rendered":"\n<p class=\"wp-block-paragraph\">Molte storie aspettano solo il momento giusto per incontrare nuovi occhi. <strong>La Vetrina<\/strong> di <strong>Casa Sanremo Writers<\/strong> \u00e8 quel momento: uno spazio in cui libri, autori ed emozioni si incontrano sotto i riflettori della settimana sanremese.<\/p>\n\n\n\n<hr class=\"wp-block-separator has-alpha-channel-opacity\" \/>\n\n\n\n<hr class=\"wp-block-separator has-alpha-channel-opacity\" \/>\n\n\n\n<blockquote class=\"wp-block-quote is-layout-flow wp-block-quote-is-layout-flow\">\n<p class=\"wp-block-paragraph\"><strong>MediaVox Magazine si prepara a scoprire gli scrittori e le scrittrici dell\u2019edizione 2027 del Salotto letterario di Casa Sanremo Writers.<\/strong><\/p>\n<\/blockquote>\n\n\n\n<p class=\"wp-block-paragraph\">Conosceremo insieme i protagonisti di questo viaggio partendo dalle persone, dai loro percorsi e dall\u2019istante in cui un\u2019idea diventa storia\u2026 Perch\u00e9 dietro ogni copertina c\u2019\u00e8 un universo da scoprire, un autore alla volta!<\/p>\n\n\n\n<blockquote class=\"wp-block-quote is-layout-flow wp-block-quote-is-layout-flow\">\n<p class=\"wp-block-paragraph\"><mark style=\"background-color:#ffffff\" class=\"has-inline-color has-vivid-red-color\"><strong>Libro consigliato da MediaVox Magazine: \u201cL\u2019infinito negli occhi\u201d di Gilda Luzzi.<\/strong> <\/mark> <br><\/p>\n\n\n\n<p class=\"wp-block-paragraph\"><mark style=\"background-color:#ffffff\" class=\"has-inline-color has-vivid-red-color\"><strong>Un romanzo intenso e luminoso che trasforma il dolore pi\u00f9 radicale in una possibilit\u00e0 di rinascita. Gilda Luzzi affida il racconto alla voce sorprendente di uno sguardo trapiantato, capace di custodire la memoria di una vita spezzata e di continuare a osservare il mondo attraverso una nuova esistenza. Tra lutto, identit\u00e0 e dono, le pagine conducono il lettore lungo il confine sottile che separa la fine da un nuovo inizio. Una storia vera trasfigurata dalla letteratura, delicata e potente, che racconta la donazione senza retorica e ricorda quanto un gesto d\u2019amore possa accendere la luce persino nel buio pi\u00f9 profondo. Comprare questo libro significa lasciarsi attraversare da una storia destinata a cambiare il nostro modo di guardare la vita.<\/strong><\/mark><\/p>\n<\/blockquote>\n\n\n\n<figure class=\"wp-block-image size-full\"><img loading=\"lazy\" decoding=\"async\" width=\"515\" height=\"719\" src=\"https:\/\/mediavoxmagazine.it\/wp-content\/uploads\/2026\/09\/IMG_8672.jpeg\" alt=\"\" class=\"wp-image-44722\" srcset=\"https:\/\/mediavoxmagazine.it\/wp-content\/uploads\/2026\/09\/IMG_8672.jpeg 515w, https:\/\/mediavoxmagazine.it\/wp-content\/uploads\/2026\/09\/IMG_8672-215x300.jpeg 215w\" sizes=\"auto, (max-width: 515px) 100vw, 515px\" \/><\/figure>\n\n\n\n<p class=\"wp-block-paragraph\"><strong><mark style=\"background-color:#ffffff\" class=\"has-inline-color has-vivid-green-cyan-color\">SINOSSI DELL\u2019OPERA<\/mark> |<\/strong> <em>\u201cL\u2019infinito negli occhi\u201d nasce da una storia vera: la perdita prematura di un ragazzo e il gesto di straordinaria generosit\u00e0 della sua famiglia, che decide di donarne le cornee. Nel romanzo, la vicenda prende forma attraverso una voce insolita e profondamente simbolica: quella dello sguardo donato, che continua a vedere il mondo anche dopo la morte. Attraverso gli occhi di una donna che riceve il trapianto, lo sguardo porta con s\u00e9 le tracce di una vita interrotta, tra ricordi di movimento, libert\u00e0, montagne e passioni, confrontandosi con un\u2019esistenza diversa, pi\u00f9 lenta e ferita. Tra memoria e presente, due identit\u00e0 imparano a coesistere, trasformando la perdita in una nuova possibilit\u00e0 di vita. Il romanzo esplora il lutto, la continuit\u00e0 invisibile tra le persone e il significato profondo della donazione, raccontando come un gesto d\u2019amore possa generare luce anche nel buio pi\u00f9 radicale. \u00c8 una storia di dolore, ma soprattutto di rinascita, di sguardi che si incontrano e di vite che continuano a intrecciarsi oltre la morte.<\/em><\/p>\n\n\n\n<p class=\"wp-block-paragraph\"><strong><mark style=\"background-color:#ffffff\" class=\"has-inline-color has-vivid-cyan-blue-color\">BIOGRAFIA DELL\u2019AUTRICE<\/mark> |<\/strong> <em>Gilda Luzzi nasce a Roma nel 1965, citt\u00e0 nella quale vive. \u00c8 responsabile amministrativa in un\u2019azienda specializzata in impianti per la refrigerazione industriale. Iscritta dal 1992 all\u2019Ordine dei Giornalisti del Lazio, dal 2004 scrive come corrispondente dall\u2019Italia per la testata di Lussemburgo, Francia e Germania \u201cPassaParola Media Group\u201d. Si occupa di spettacolo, seguendo da decenni in presenza il Festival di Sanremo, e di sport, una delle sue grandi passioni, che la vede impegnata come volontaria per la UEFA, la FIR, la FIDAL e in numerose manifestazioni sportive. Dal 2023 \u00e8 responsabile dell\u2019Ufficio Stampa di \u201cInSuperAbile \u2013 La Staffetta dell\u2019Inclusione\u201d, progetto che attraversa i cammini della Penisola portando al traguardo ragazzi e ragazze con disabilit\u00e0 cognitive e motorie, nel segno della condivisione e dell\u2019inclusione. Nel 2026 il docufilm \u201cInSuperAbile, 460 km di solidariet\u00e0 sul Cammino di Santa Giulia\u201d, da lei diretto e realizzato attraverso le proprie immagini, \u00e8 stato proiettato all\u2019Expo AID di Rimini. Scrive inoltre di tematiche sociali, con particolare attenzione all\u2019emarginazione, alla disabilit\u00e0 e alle donne, offrendo il proprio contributo anche ad associazioni di volontariato. Alla scrittura affianca la passione per la fotografia, ricercando un\u2019armonica fusione tra il proprio \u201cocchio\u201d fotografico e la propria \u201cpenna\u201d. Nel 2025 una sua fotografia \u00e8 stata esposta alla Mostra Internazionale organizzata ad Assisi in occasione dell\u2019VIII Centenario del Cantico delle Creature ed \u00e8 stata scelta come immagine della locandina. \u201cL\u2019infinito negli occhi\u201d \u00e8 il suo sesto libro.<\/em><\/p>\n\n\n\n<hr class=\"wp-block-separator has-alpha-channel-opacity\" \/>\n\n\n\n<hr class=\"wp-block-separator has-alpha-channel-opacity\" \/>\n","protected":false},"excerpt":{"rendered":"<div class=\"mh-excerpt\"><p>Molte storie aspettano solo il momento giusto per incontrare nuovi occhi. La Vetrina di Casa Sanremo Writers \u00e8 quel momento: uno spazio in cui libri, <a class=\"mh-excerpt-more\" href=\"https:\/\/mediavoxmagazine.it\/?p=44721\" title=\"CASA SANREMO WRITERS 2027 | MediaVox Magazine consiglia \u201cL\u2019infinito negli occhi\u201d di Gilda Luzzi\">[&#8230;]<\/a><\/p>\n<\/div>","protected":false},"author":60,"featured_media":44486,"comment_status":"closed","ping_status":"closed","sticky":false,"template":"","format":"standard","meta":{"footnotes":""},"categories":[244],"tags":[84,1227,1433,1460,1435,58,1434,1432],"class_list":["post-44721","post","type-post","status-publish","format-standard","has-post-thumbnail","hentry","category-speciale-sanremo","tag-casa-sanremo","tag-casa-sanremo-writers","tag-consigli-di-lettura","tag-gilda-luzzi","tag-la-vetrina","tag-libri","tag-salotto-letterario","tag-writers"],"_links":{"self":[{"href":"https:\/\/mediavoxmagazine.it\/index.php?rest_route=\/wp\/v2\/posts\/44721","targetHints":{"allow":["GET"]}}],"collection":[{"href":"https:\/\/mediavoxmagazine.it\/index.php?rest_route=\/wp\/v2\/posts"}],"about":[{"href":"https:\/\/mediavoxmagazine.it\/index.php?rest_route=\/wp\/v2\/types\/post"}],"author":[{"embeddable":true,"href":"https:\/\/mediavoxmagazine.it\/index.php?rest_route=\/wp\/v2\/users\/60"}],"replies":[{"embeddable":true,"href":"https:\/\/mediavoxmagazine.it\/index.php?rest_route=%2Fwp%2Fv2%2Fcomments&post=44721"}],"version-history":[{"count":2,"href":"https:\/\/mediavoxmagazine.it\/index.php?rest_route=\/wp\/v2\/posts\/44721\/revisions"}],"predecessor-version":[{"id":44724,"href":"https:\/\/mediavoxmagazine.it\/index.php?rest_route=\/wp\/v2\/posts\/44721\/revisions\/44724"}],"wp:featuredmedia":[{"embeddable":true,"href":"https:\/\/mediavoxmagazine.it\/index.php?rest_route=\/wp\/v2\/media\/44486"}],"wp:attachment":[{"href":"https:\/\/mediavoxmagazine.it\/index.php?rest_route=%2Fwp%2Fv2%2Fmedia&parent=44721"}],"wp:term":[{"taxonomy":"category","embeddable":true,"href":"https:\/\/mediavoxmagazine.it\/index.php?rest_route=%2Fwp%2Fv2%2Fcategories&post=44721"},{"taxonomy":"post_tag","embeddable":true,"href":"https:\/\/mediavoxmagazine.it\/index.php?rest_route=%2Fwp%2Fv2%2Ftags&post=44721"}],"curies":[{"name":"wp","href":"https:\/\/api.w.org\/{rel}","templated":true}]}}