{"id":4870,"date":"2017-07-23T22:00:12","date_gmt":"2017-07-23T21:00:12","guid":{"rendered":"https:\/\/mediavoxmagazine.it\/?p=4870"},"modified":"2017-07-23T22:06:59","modified_gmt":"2017-07-23T21:06:59","slug":"peace-of-heart-la-critica","status":"publish","type":"post","link":"https:\/\/mediavoxmagazine.it\/?p=4870","title":{"rendered":"Peace of heART \/ LA CRITICA"},"content":{"rendered":"<blockquote>\n<p style=\"text-align: right;\"><em><strong><img loading=\"lazy\" decoding=\"async\" class=\" wp-image-4875 alignright\" src=\"https:\/\/mediavoxmagazine.it\/wp-content\/uploads\/2017\/07\/catalogo1.jpg\" alt=\"\" width=\"331\" height=\"462\" srcset=\"https:\/\/mediavoxmagazine.it\/wp-content\/uploads\/2017\/07\/catalogo1.jpg 516w, https:\/\/mediavoxmagazine.it\/wp-content\/uploads\/2017\/07\/catalogo1-215x300.jpg 215w\" sizes=\"auto, (max-width: 331px) 100vw, 331px\" \/>Grande successo per la Rassegna d&#8217;Arte organizzata da <a href=\"https:\/\/www.facebook.com\/mediavoxmagazine\/\">MediaVox<\/a><\/strong><\/em><\/p>\n<p style=\"text-align: right;\"><em><strong>presso l&#8217;<a href=\"https:\/\/www.facebook.com\/universitapopolaresarno\/\">Universit\u00e0 popolare di Sarno<\/a>, dal 14 al 22 luglio 2017<\/strong><\/em><\/p>\n<\/blockquote>\n<p style=\"text-align: justify;\">\u201c<a href=\"https:\/\/www.facebook.com\/pg\/mediavoxmagazine\/photos\/?tab=album&amp;album_id=1168107706666164\"><strong>Peace ot HeART<\/strong><\/a>\u201d si configura come una chiamata alle arti in nome di una direzione comune: quella di riconoscere nell\u2019arte strumento di comunicazione e trasmissione potentissimo, in grado di smuovere gli animi e creare piccole e grandi rivoluzioni. Se per anni l\u2019arte, commissionata da re e potenti, ha avuto anche lo scopo di legittimare governi e prese di potere, allo stesso tempo, soprattutto nel corso del \u2018900, essa ha ingaggiato con quei poteri una lotta feroce, cercando di volta in volta di sminuirli, sovvertirli, soppiantarli. \u00c8 cos\u00ec che le opere sono diventate vere e proprie prese di posizione, slogan, manifesti non soltanto artistici, ma anche con precisi e forti messaggi di carattere politico, economico, sociologico. \u00c8 sulla scia di questo attivismo che si colloca la mostra, volendo essere punto di partenza e riflessione non soltanto sul fare arte oggi, ma anche sulla situazione attuale del mondo. Dunque, da un lato la polifonia di mezzi espressivi che caratterizza la contemporaneit\u00e0, dall\u2019altra una direzione comune: quella di un\u2019arte che vive il proprio tempo e vuole agire su di esso.<\/p>\n<p style=\"text-align: justify;\"><img loading=\"lazy\" decoding=\"async\" class=\" wp-image-4877 alignleft\" src=\"https:\/\/mediavoxmagazine.it\/wp-content\/uploads\/2017\/07\/catalogo-10.jpg\" alt=\"\" width=\"86\" height=\"110\" srcset=\"https:\/\/mediavoxmagazine.it\/wp-content\/uploads\/2017\/07\/catalogo-10.jpg 608w, https:\/\/mediavoxmagazine.it\/wp-content\/uploads\/2017\/07\/catalogo-10-233x300.jpg 233w\" sizes=\"auto, (max-width: 86px) 100vw, 86px\" \/>Le opere presentate, allora, saranno molto diverse tra loro. Da una parte gli astratti, come per la <strong>Cannavacciuolo,<\/strong> nella cui opera il dissolversi dei colori \u2013 freddi ma tenui \u2013 rimanda alle morbide trasparenze dell\u2019acquerello, donando alla composizione un effetto liquido.<img loading=\"lazy\" decoding=\"async\" class=\" wp-image-4878 alignright\" src=\"https:\/\/mediavoxmagazine.it\/wp-content\/uploads\/2017\/07\/catalogo-9.jpg\" alt=\"\" width=\"109\" height=\"140\" srcset=\"https:\/\/mediavoxmagazine.it\/wp-content\/uploads\/2017\/07\/catalogo-9.jpg 608w, https:\/\/mediavoxmagazine.it\/wp-content\/uploads\/2017\/07\/catalogo-9-233x300.jpg 233w\" sizes=\"auto, (max-width: 109px) 100vw, 109px\" \/><\/p>\n<p style=\"text-align: justify;\"><strong>Boccia,<\/strong> invece, usa solo colori primari, fra cui il giallo predomina. Cos\u00ec, il sentiero della vita diventa una linea tortuosa e ricca, che esplode in luccichii guizzanti e schizzi materici.<\/p>\n<p style=\"text-align: justify;\"><img loading=\"lazy\" decoding=\"async\" class=\" wp-image-4879 alignleft\" src=\"https:\/\/mediavoxmagazine.it\/wp-content\/uploads\/2017\/07\/catalogo-8.jpg\" alt=\"\" width=\"77\" height=\"99\" srcset=\"https:\/\/mediavoxmagazine.it\/wp-content\/uploads\/2017\/07\/catalogo-8.jpg 608w, https:\/\/mediavoxmagazine.it\/wp-content\/uploads\/2017\/07\/catalogo-8-233x300.jpg 233w\" sizes=\"auto, (max-width: 77px) 100vw, 77px\" \/>L&#8217;opera di <strong>Basile<\/strong> \u00e8 un incendio che avvampa, nel suo movimento ascensionale che divampa dal rosso centrale e poi accende pian piano di blu, giallo, fino ad arrivare al viola, mostrando tutta la pienezza di sentimenti e moti che contraddistingue l\u2019animo umano.<img loading=\"lazy\" decoding=\"async\" class=\"wp-image-4880 alignright\" src=\"https:\/\/mediavoxmagazine.it\/wp-content\/uploads\/2017\/07\/catalogo-31.jpg\" alt=\"\" width=\"88\" height=\"119\" srcset=\"https:\/\/mediavoxmagazine.it\/wp-content\/uploads\/2017\/07\/catalogo-31.jpg 616w, https:\/\/mediavoxmagazine.it\/wp-content\/uploads\/2017\/07\/catalogo-31-222x300.jpg 222w\" sizes=\"auto, (max-width: 88px) 100vw, 88px\" \/><\/p>\n<p style=\"text-align: justify;\">Un altro percorso di vita per l\u2019opera di <strong>Ciufo.<\/strong> Qui per\u00f2 le sembianze sono quelle di un vortice, mulinello in cui\u00a0piccole figure nere, bianche e rosse lottano per cercare la propria strada verso il posto sicuro, <img loading=\"lazy\" decoding=\"async\" class=\" wp-image-4881 alignleft\" src=\"https:\/\/mediavoxmagazine.it\/wp-content\/uploads\/2017\/07\/catalogo-17.jpg\" alt=\"\" width=\"72\" height=\"93\" srcset=\"https:\/\/mediavoxmagazine.it\/wp-content\/uploads\/2017\/07\/catalogo-17.jpg 608w, https:\/\/mediavoxmagazine.it\/wp-content\/uploads\/2017\/07\/catalogo-17-233x300.jpg 233w\" sizes=\"auto, (max-width: 72px) 100vw, 72px\" \/>grembo materno in cui ogni speranza sembra poter essere esaudita. Elettricit\u00e0 pare promanare dall\u2019opera di <strong>Maddaloni,<\/strong> in cui a grandi, graffiate campiture di colore si avvicendano e accavallano filamenti ondulati e sinuosi, che rompono la monotonia statica della composizione e la rendono viva, accattivante.<img loading=\"lazy\" decoding=\"async\" class=\" wp-image-4884 alignright\" src=\"https:\/\/mediavoxmagazine.it\/wp-content\/uploads\/2017\/07\/catalogo-24.jpg\" alt=\"\" width=\"104\" height=\"134\" srcset=\"https:\/\/mediavoxmagazine.it\/wp-content\/uploads\/2017\/07\/catalogo-24.jpg 608w, https:\/\/mediavoxmagazine.it\/wp-content\/uploads\/2017\/07\/catalogo-24-233x300.jpg 233w\" sizes=\"auto, (max-width: 104px) 100vw, 104px\" \/><\/p>\n<p style=\"text-align: justify;\"><img loading=\"lazy\" decoding=\"async\" class=\"wp-image-4883 alignleft\" src=\"https:\/\/mediavoxmagazine.it\/wp-content\/uploads\/2017\/07\/catalogo-32.jpg\" alt=\"\" width=\"70\" height=\"89\" srcset=\"https:\/\/mediavoxmagazine.it\/wp-content\/uploads\/2017\/07\/catalogo-32.jpg 616w, https:\/\/mediavoxmagazine.it\/wp-content\/uploads\/2017\/07\/catalogo-32-233x300.jpg 233w\" sizes=\"auto, (max-width: 70px) 100vw, 70px\" \/>Ancora, tripudio di colori per l\u2019atmosfera onirica e fiabesca dei mondi surreali creati dalla <strong>Mainenti,<\/strong> in cui tutto sembra vivo ed in movimento.<\/p>\n<p style=\"text-align: justify;\">L\u2019elemento iconografico del mare accomuna le opere di <strong>Sellone<\/strong> e <strong>Rea.<\/strong><\/p>\n<p>Connotandolo di un\u2019accezione serena e positiva, Sellone crea paesaggio con vele in lontananza, i<img loading=\"lazy\" decoding=\"async\" class=\"wp-image-4885 alignleft\" src=\"https:\/\/mediavoxmagazine.it\/wp-content\/uploads\/2017\/07\/catalogo-23.jpg\" alt=\"\" width=\"68\" height=\"87\" srcset=\"https:\/\/mediavoxmagazine.it\/wp-content\/uploads\/2017\/07\/catalogo-23.jpg 608w, https:\/\/mediavoxmagazine.it\/wp-content\/uploads\/2017\/07\/catalogo-23-233x300.jpg 233w\" sizes=\"auto, (max-width: 68px) 100vw, 68px\" \/>n cui gli scogli si fanno materia viva e tridimensionale. Mare avverso, invece, divoratore di uomini e di speranze \u00e8 <img loading=\"lazy\" decoding=\"async\" class=\"wp-image-4886 alignright\" src=\"https:\/\/mediavoxmagazine.it\/wp-content\/uploads\/2017\/07\/catalogo-26.jpg\" alt=\"\" width=\"64\" height=\"82\" srcset=\"https:\/\/mediavoxmagazine.it\/wp-content\/uploads\/2017\/07\/catalogo-26.jpg 608w, https:\/\/mediavoxmagazine.it\/wp-content\/uploads\/2017\/07\/catalogo-26-233x300.jpg 233w\" sizes=\"auto, (max-width: 64px) 100vw, 64px\" \/>quello di Rea, in cui le onde diventano quasi nastri che si avviluppano e stringono. Ne fuoriescono soltanto mani in cerca d\u2019aiuto.<\/p>\n<p style=\"text-align: justify;\">Strettamente correlate al tema della pace sono le opere di <strong>Sparla<\/strong> e <strong>Supino.<\/strong><\/p>\n<p style=\"text-align: justify;\"><img loading=\"lazy\" decoding=\"async\" class=\" wp-image-4888 alignleft\" src=\"https:\/\/mediavoxmagazine.it\/wp-content\/uploads\/2017\/07\/catalogo-27.jpg\" alt=\"\" width=\"59\" height=\"76\" srcset=\"https:\/\/mediavoxmagazine.it\/wp-content\/uploads\/2017\/07\/catalogo-27.jpg 608w, https:\/\/mediavoxmagazine.it\/wp-content\/uploads\/2017\/07\/catalogo-27-233x300.jpg 233w\" sizes=\"auto, (max-width: 59px) 100vw, 59px\" \/>\u00c8 proprio verso la pace che confluisce l\u2019arcobaleno conico di Sparla, sostenuto e spinto da uomini senza volto. Non \u00e8 l\u2019individualit\u00e0 ad essere messa in evidenza, ma l\u2019intento, che diventa graficamente moto ascensionale<\/p>\n<p style=\"text-align: justify;\">e, simbolicamente, moto comune ad innalzarsi verso un futuro migliore. Nell\u2019opera di Supino i colori identificativi della pace invadono il paesaggio fino a riempirlo quasi completamente. Soltanto uno spazio \u00e8 lasciato vuoto, quasi una crepa attraverso cui l\u2019osservatore pu\u00f2 spiare, fino ad intravedere un simbolico albero della vita.<img loading=\"lazy\" decoding=\"async\" class=\" wp-image-4889 alignright\" src=\"https:\/\/mediavoxmagazine.it\/wp-content\/uploads\/2017\/07\/catalogo-11.jpg\" alt=\"\" width=\"76\" height=\"98\" srcset=\"https:\/\/mediavoxmagazine.it\/wp-content\/uploads\/2017\/07\/catalogo-11.jpg 608w, https:\/\/mediavoxmagazine.it\/wp-content\/uploads\/2017\/07\/catalogo-11-233x300.jpg 233w\" sizes=\"auto, (max-width: 76px) 100vw, 76px\" \/><\/p>\n<p style=\"text-align: justify;\">Per <strong>Cesarano<\/strong> i colori dell\u2019arcobaleno restano, ma sono ridimensionati in un aquilone messo all\u2019angolo della composizione. Qui lo sguardo si concentra sulle nuove generazioni, raffigurate in un volto di stupore che contraddistingue soltanto i pi\u00f9 piccoli.<\/p>\n<p style=\"text-align: justify;\"><img loading=\"lazy\" decoding=\"async\" class=\"wp-image-4895 alignright\" src=\"https:\/\/mediavoxmagazine.it\/wp-content\/uploads\/2017\/07\/catalogo-21.jpg\" alt=\"\" width=\"74\" height=\"95\" srcset=\"https:\/\/mediavoxmagazine.it\/wp-content\/uploads\/2017\/07\/catalogo-21.jpg 608w, https:\/\/mediavoxmagazine.it\/wp-content\/uploads\/2017\/07\/catalogo-21-233x300.jpg 233w\" sizes=\"auto, (max-width: 74px) 100vw, 74px\" \/><img loading=\"lazy\" decoding=\"async\" class=\"wp-image-4896 alignleft\" src=\"https:\/\/mediavoxmagazine.it\/wp-content\/uploads\/2017\/07\/catalogo-14.jpg\" alt=\"\" width=\"60\" height=\"77\" srcset=\"https:\/\/mediavoxmagazine.it\/wp-content\/uploads\/2017\/07\/catalogo-14.jpg 608w, https:\/\/mediavoxmagazine.it\/wp-content\/uploads\/2017\/07\/catalogo-14-233x300.jpg 233w\" sizes=\"auto, (max-width: 60px) 100vw, 60px\" \/>Personaggi emblematici e fortemente carismatici quelli rappresentati da <strong>Franza<\/strong> e <strong>Niviano.<\/strong> Il primo riproduce e reinventa con pastelli un personaggio iconico come Martin Luther King, che, con sguardo deciso, guarda verso quel futuro che voleva fortemente cambiare, quasi ci invitasse a fare lo stesso. La Niviano, invece, rende tutta la bonaria compostezza di papa Giovanni Paolo II, mentre, con sguardo sereno, osserva lo spettatore, accogliendolo, accompagnandolo dinanzi al mistero di Dio, di cui rappresentazione simbolica \u00e8 la colomba dello Spirito Santo.<\/p>\n<p><img loading=\"lazy\" decoding=\"async\" class=\" wp-image-4882 alignleft\" src=\"https:\/\/mediavoxmagazine.it\/wp-content\/uploads\/2017\/07\/catalogo-15.jpg\" alt=\"\" width=\"64\" height=\"82\" srcset=\"https:\/\/mediavoxmagazine.it\/wp-content\/uploads\/2017\/07\/catalogo-15.jpg 608w, https:\/\/mediavoxmagazine.it\/wp-content\/uploads\/2017\/07\/catalogo-15-233x300.jpg 233w\" sizes=\"auto, (max-width: 64px) 100vw, 64px\" \/>Non mancano gli artisti che si avvalgono della figurazione per trasmettere messaggi ed emozioni.<\/p>\n<p style=\"text-align: justify;\">Fra di essi, la <strong>Giuliano,<\/strong> nella cui opera i colori diventano elemento chiave, tanto che appaiono come chioma fluente e ribelle, in un connubio tra arte e vita che vede la figura umana come personificazione delle arti e della pittura, rappresentata dall\u2019elemento iconico del pennello.<\/p>\n<p style=\"text-align: justify;\"><img loading=\"lazy\" decoding=\"async\" class=\" wp-image-4898 alignleft\" src=\"https:\/\/mediavoxmagazine.it\/wp-content\/uploads\/2017\/07\/catalogo-25.jpg\" alt=\"\" width=\"64\" height=\"82\" srcset=\"https:\/\/mediavoxmagazine.it\/wp-content\/uploads\/2017\/07\/catalogo-25.jpg 608w, https:\/\/mediavoxmagazine.it\/wp-content\/uploads\/2017\/07\/catalogo-25-233x300.jpg 233w\" sizes=\"auto, (max-width: 64px) 100vw, 64px\" \/>Pochi, invece, i colori che contraddistinguono le opere di <strong>Sepe<\/strong> e <strong>Marrocoli.<img loading=\"lazy\" decoding=\"async\" class=\" wp-image-4899 alignright\" src=\"https:\/\/mediavoxmagazine.it\/wp-content\/uploads\/2017\/07\/catalogo-18.jpg\" alt=\"\" width=\"87\" height=\"112\" srcset=\"https:\/\/mediavoxmagazine.it\/wp-content\/uploads\/2017\/07\/catalogo-18.jpg 608w, https:\/\/mediavoxmagazine.it\/wp-content\/uploads\/2017\/07\/catalogo-18-233x300.jpg 233w\" sizes=\"auto, (max-width: 87px) 100vw, 87px\" \/><\/strong><\/p>\n<p style=\"text-align: justify;\">Nella prima un nero liquefatto, quasi petrolio, fa da sfondo al gesto estremamente evocativo di due mani che si sfiorano nell\u2019attimo intimo e delicato di una carezza. Il colore dominante nell\u2019opera della Marrocoli, invece, \u00e8 indubbiamente il blu, come il titolo stesso dell\u2019opera non manca di sottolineare. Nelle sue molteplici gradazioni si riflette e rispecchia la sottile malinconia, introspettiva e riflessiva, dell\u2019uomo rappresentato.<\/p>\n<p style=\"text-align: justify;\"><img loading=\"lazy\" decoding=\"async\" class=\" wp-image-4894 alignleft\" src=\"https:\/\/mediavoxmagazine.it\/wp-content\/uploads\/2017\/07\/catalogo-20.jpg\" alt=\"\" width=\"63\" height=\"82\" srcset=\"https:\/\/mediavoxmagazine.it\/wp-content\/uploads\/2017\/07\/catalogo-20.jpg 608w, https:\/\/mediavoxmagazine.it\/wp-content\/uploads\/2017\/07\/catalogo-20-233x300.jpg 233w\" sizes=\"auto, (max-width: 63px) 100vw, 63px\" \/>Volti di donne in un tripudio di fiori stagliati sul pi\u00f9 classico dei cieli azzurri caratterizzano l\u2019opera della <strong>Mercogliano,<\/strong> in un eterno rifiorire dell\u2019animo e dell\u2019esistenza, di cui viene evocata anche una dimensione trascendente attraverso il riferimento agli angeli.<img loading=\"lazy\" decoding=\"async\" class=\" wp-image-4893 alignright\" src=\"https:\/\/mediavoxmagazine.it\/wp-content\/uploads\/2017\/07\/catalogo-12.jpg\" alt=\"\" width=\"76\" height=\"98\" srcset=\"https:\/\/mediavoxmagazine.it\/wp-content\/uploads\/2017\/07\/catalogo-12.jpg 608w, https:\/\/mediavoxmagazine.it\/wp-content\/uploads\/2017\/07\/catalogo-12-233x300.jpg 233w\" sizes=\"auto, (max-width: 76px) 100vw, 76px\" \/><\/p>\n<p style=\"text-align: justify;\">Ancora, <strong>Falciani<\/strong> realizza ad acquerello l\u2019impressione congelata di un fiore di loto, che ricorda gli studi sulle ninfee di Monet. Rappresentazione di fiori anche per la Meglio, ma qui i colori si esaltano per contrasto alla maniera espressionista, volendo simboleggiare un risveglio della natura che si associa a quello dell\u2019anima.<\/p>\n<p style=\"text-align: justify;\"><img loading=\"lazy\" decoding=\"async\" class=\" wp-image-4890 alignleft\" src=\"https:\/\/mediavoxmagazine.it\/wp-content\/uploads\/2017\/07\/catalogo-22.jpg\" alt=\"\" width=\"75\" height=\"96\" srcset=\"https:\/\/mediavoxmagazine.it\/wp-content\/uploads\/2017\/07\/catalogo-22.jpg 608w, https:\/\/mediavoxmagazine.it\/wp-content\/uploads\/2017\/07\/catalogo-22-233x300.jpg 233w\" sizes=\"auto, (max-width: 75px) 100vw, 75px\" \/>Si rif\u00e0 all\u2019artista austriaco Klimt l\u2019opera della <strong>Pellegrino,<\/strong> che rende omaggio, reinterpretandolo e adattandolo al proprio stile, ad uno dei baci pi\u00f9 celebri della storia dell\u2019arte.<img loading=\"lazy\" decoding=\"async\" class=\" wp-image-4891 alignright\" src=\"https:\/\/mediavoxmagazine.it\/wp-content\/uploads\/2017\/07\/catalogo-16.jpg\" alt=\"\" width=\"82\" height=\"106\" srcset=\"https:\/\/mediavoxmagazine.it\/wp-content\/uploads\/2017\/07\/catalogo-16.jpg 608w, https:\/\/mediavoxmagazine.it\/wp-content\/uploads\/2017\/07\/catalogo-16-233x300.jpg 233w\" sizes=\"auto, (max-width: 82px) 100vw, 82px\" \/><\/p>\n<p style=\"text-align: justify;\">Nell\u2019opera di fotografia digitale di <strong>Iannone<\/strong> il volutamente mosso che ripete il soggetto fino a deformarlo e renderlo altro, appunto in una metamorfosi incessante, anima e rende vibrante la staticit\u00e0 per definizione tautologica delle pietre, altre grandi protagoniste della composizione, insieme alle foglie.<\/p>\n<p style=\"text-align: justify;\"><img loading=\"lazy\" decoding=\"async\" class=\" wp-image-4892 alignleft\" src=\"https:\/\/mediavoxmagazine.it\/wp-content\/uploads\/2017\/07\/catalogo-28.jpg\" alt=\"\" width=\"85\" height=\"109\" srcset=\"https:\/\/mediavoxmagazine.it\/wp-content\/uploads\/2017\/07\/catalogo-28.jpg 608w, https:\/\/mediavoxmagazine.it\/wp-content\/uploads\/2017\/07\/catalogo-28-233x300.jpg 233w\" sizes=\"auto, (max-width: 85px) 100vw, 85px\" \/>Altra opera di fotografia e arte digitale \u00e8 quella di <strong>Trischitta,<\/strong> in cui dominano ambiguit\u00e0 e mistero, ben evidenziati dal nero dello sfondo e dal rosso che accompagna i pochi elementi emblematici e criptici: le mani su cui nastri si avvolgono su loro stessi e una porta chiusa.<\/p>\n<p style=\"text-align: justify;\">Dunque, nel caso di \u201cPeace of HeART\u201d non c\u2019\u00e8 un tema unitario, perch\u00e9 le opere proposte sono differenti fra<img loading=\"lazy\" decoding=\"async\" class=\" wp-image-4897 alignright\" src=\"https:\/\/mediavoxmagazine.it\/wp-content\/uploads\/2017\/07\/catalogo-30.jpg\" alt=\"\" width=\"325\" height=\"419\" srcset=\"https:\/\/mediavoxmagazine.it\/wp-content\/uploads\/2017\/07\/catalogo-30.jpg 608w, https:\/\/mediavoxmagazine.it\/wp-content\/uploads\/2017\/07\/catalogo-30-233x300.jpg 233w\" sizes=\"auto, (max-width: 325px) 100vw, 325px\" \/> loro\u00a0per generi, formati e stili, ma esse esprimono tutte un sentimento comune: quello di un\u2019arte che pu\u00f2 cambiare le cose, che pu\u00f2 contribuire a esprimere una presa di posizione precisa, in questo caso la volont\u00e0 di un\u2019esistenza pacifica, che non si identifica e, anzi, ripudia le brutture del mondo. Ma non lo fa allontanandosi dalla realt\u00e0, creando una propria dimensione di arte per l\u2019arte in cui tutto \u00e8 incanto \u00e8 bellezza; piuttosto sporcandosi le mani, facendo guerriglia, non con le armi ma con il pensiero. Ogni artista dimostra, cos\u00ec, di essere presente, di essere nel mondo e di voler cambiarlo, pennellata dopo pennellata, gesto dopo gesto. Perch\u00e9, come la storia dell\u2019arte ci ha insegnato, essa pu\u00f2 davvero urlare a gran voce, tanto da far paura.<\/p>\n<p style=\"text-align: justify;\">\n<blockquote>\n<p style=\"text-align: justify;\"><em>Per visualizzare il catalogo, clicca<a href=\"https:\/\/www.facebook.com\/pg\/mediavoxmagazine\/photos\/?tab=album&amp;album_id=1168107706666164\"><strong> QUI<\/strong><\/a><\/em><\/p>\n<\/blockquote>\n","protected":false},"excerpt":{"rendered":"<div class=\"mh-excerpt\"><p>Grande successo per la Rassegna d&#8217;Arte organizzata da MediaVox presso l&#8217;Universit\u00e0 popolare di Sarno, dal 14 al 22 luglio 2017 \u201cPeace ot HeART\u201d si configura <a class=\"mh-excerpt-more\" href=\"https:\/\/mediavoxmagazine.it\/?p=4870\" title=\"Peace of heART \/ LA CRITICA\">[&#8230;]<\/a><\/p>\n<\/div>","protected":false},"author":6,"featured_media":4903,"comment_status":"closed","ping_status":"closed","sticky":false,"template":"","format":"standard","meta":{"footnotes":""},"categories":[8],"tags":[18,931,57],"class_list":["post-4870","post","type-post","status-publish","format-standard","has-post-thumbnail","hentry","category-arte","tag-arte","tag-pace","tag-rassegna"],"_links":{"self":[{"href":"https:\/\/mediavoxmagazine.it\/index.php?rest_route=\/wp\/v2\/posts\/4870","targetHints":{"allow":["GET"]}}],"collection":[{"href":"https:\/\/mediavoxmagazine.it\/index.php?rest_route=\/wp\/v2\/posts"}],"about":[{"href":"https:\/\/mediavoxmagazine.it\/index.php?rest_route=\/wp\/v2\/types\/post"}],"author":[{"embeddable":true,"href":"https:\/\/mediavoxmagazine.it\/index.php?rest_route=\/wp\/v2\/users\/6"}],"replies":[{"embeddable":true,"href":"https:\/\/mediavoxmagazine.it\/index.php?rest_route=%2Fwp%2Fv2%2Fcomments&post=4870"}],"version-history":[{"count":8,"href":"https:\/\/mediavoxmagazine.it\/index.php?rest_route=\/wp\/v2\/posts\/4870\/revisions"}],"predecessor-version":[{"id":4904,"href":"https:\/\/mediavoxmagazine.it\/index.php?rest_route=\/wp\/v2\/posts\/4870\/revisions\/4904"}],"wp:featuredmedia":[{"embeddable":true,"href":"https:\/\/mediavoxmagazine.it\/index.php?rest_route=\/wp\/v2\/media\/4903"}],"wp:attachment":[{"href":"https:\/\/mediavoxmagazine.it\/index.php?rest_route=%2Fwp%2Fv2%2Fmedia&parent=4870"}],"wp:term":[{"taxonomy":"category","embeddable":true,"href":"https:\/\/mediavoxmagazine.it\/index.php?rest_route=%2Fwp%2Fv2%2Fcategories&post=4870"},{"taxonomy":"post_tag","embeddable":true,"href":"https:\/\/mediavoxmagazine.it\/index.php?rest_route=%2Fwp%2Fv2%2Ftags&post=4870"}],"curies":[{"name":"wp","href":"https:\/\/api.w.org\/{rel}","templated":true}]}}