{"id":572,"date":"2016-01-22T14:52:40","date_gmt":"2016-01-22T14:52:40","guid":{"rendered":"https:\/\/mediavoxmagazine.it\/?p=572"},"modified":"2016-01-22T14:55:21","modified_gmt":"2016-01-22T14:55:21","slug":"bianca","status":"publish","type":"post","link":"https:\/\/mediavoxmagazine.it\/?p=572","title":{"rendered":"BIANCA"},"content":{"rendered":"<p>Occhi grandi ed un sorriso coinvolgente. Bellezza mediterranea e una voce irresistibile.<\/p>\n<p>La sua <em>soul<\/em> \u00e8 <em>blues<\/em> e il suo nome \u00e8 Bianca.<\/p>\n<p>Artista italiana, dal respiro internazionale. Talento e buonumore.<\/p>\n<p>Nel dicembre 2013 vince \u201cArea Sanremo\u201d e approda tra le \u201cNuove Proposte\u201d del Festival di Sanremo 2014. Lancia il suo album e vola a Londra\u2026<\/p>\n<blockquote><p>&nbsp;<\/p>\n<p><strong><em><img loading=\"lazy\" decoding=\"async\" class=\"wp-image-573 size-full aligncenter\" src=\"https:\/\/mediavoxmagazine.it\/wp-content\/uploads\/2016\/01\/12493863_771459302959488_2105210567632464769_o.jpg\" alt=\"\" width=\"2048\" height=\"1361\" srcset=\"https:\/\/mediavoxmagazine.it\/wp-content\/uploads\/2016\/01\/12493863_771459302959488_2105210567632464769_o.jpg 2048w, https:\/\/mediavoxmagazine.it\/wp-content\/uploads\/2016\/01\/12493863_771459302959488_2105210567632464769_o-300x199.jpg 300w, https:\/\/mediavoxmagazine.it\/wp-content\/uploads\/2016\/01\/12493863_771459302959488_2105210567632464769_o-768x510.jpg 768w, https:\/\/mediavoxmagazine.it\/wp-content\/uploads\/2016\/01\/12493863_771459302959488_2105210567632464769_o-1024x681.jpg 1024w\" sizes=\"auto, (max-width: 2048px) 100vw, 2048px\" \/><\/em><\/strong><\/p><\/blockquote>\n<p>Conosciamola meglio&#8230;<\/p>\n<p><strong><em>Due ricordi di quella esperienza: il pi\u00f9 emozionante e il pi\u00f9 imbarazzante?<\/em><\/strong><\/p>\n<p><em>\u201cIl \u2018mio momento sanremese\u2019 in assoluto \u00e8 stato il giorno delle prime prove con l&#8217;orchestra a Cinecitt\u00e0, era davvero tutto reale, l&#8217;orchestra della Rai avrebbe davvero suonato la mia Saprai su quel palco insieme a me. Ho pianto durante il primo ascolto dello strumentale e il tecnico \u00e8 venuto a chiedermi se andasse tutto bene e se stessi andando in crisi per via di qualche problema tecnico. La pura felicit\u00e0! Uno dei momenti pi\u00f9 imbarazzanti invece \u00e8 stato quando Enzo Miccio, durante una puntata di Radio Italia, si \u00e8 lasciato andare a una serie di &#8220;elogi&#8221; riguardanti il mio abito di scena e il mio aspetto fisico in generale.\u201d<\/em><\/p>\n<p><strong><em>Parteciperebbe nuovamente a Sanremo? <\/em><\/strong><\/p>\n<p><em>\u201cParteciperei di nuovo a Sanremo, con qualche anno in pi\u00f9.\u201d<\/em><\/p>\n<p><em>\u00a0<strong>Scrive Lei i suoi testi? <\/strong><\/em><\/p>\n<p><em>\u201cNon sono io a scrivere i miei testi. Alex Gaydou ha composto la musica e scritto i testi del mio intero album, \u00a0prendendo spunto da mail che gli inviavo ogni qualvolta qualcosa mi passasse per la testa.\u201d<\/em><\/p>\n<p><strong><em>Di che cosa proprio non le piace parlare nei testi delle canzoni che interpreta? <\/em><\/strong><\/p>\n<p><em>\u201cDi politica e di religione.\u201d <\/em><\/p>\n<p><strong><em>C\u2019\u00e8 un suo lato caratteriale che non vorrebbe mai che i suoi fans scoprissero? <\/em><\/strong><\/p>\n<p><em>\u201cSono un individuo di una pigrizia estrema.\u201d <\/em><\/p>\n<p><strong><em>E, invece, il pregio che le piacerebbe fosse sempre apprezzato in lei? <\/em><\/strong><\/p>\n<p><em>\u201cL&#8217;unicit\u00e0 del colore della mia voce.\u201d <\/em><\/p>\n<p><strong><em>L\u2019estate 2015 \u00e8 volata via al ritmo del suo singolo You\u2019ll never know: con l\u2019inglese mira al mercato internazionale? <\/em><\/strong><\/p>\n<p><em>\u201cMi piacerebbe. Due mesi fa mi sono trasferita a Londra e adesso sono in fase di adattamento e osservazione<\/em>.\u201d<\/p>\n<p><strong><em>Come e dove sogna di essere tra 5 anni? <\/em><\/strong><\/p>\n<p><em>\u201cOvunque, amata, cantante e felice<\/em>.\u201d<\/p>\n<p><strong><em>I suoi prossimi impegni lavorativi?<\/em><\/strong><\/p>\n<p><em>\u201cE\u2019 appena uscito il mio nuovo singolo L\u2019alba pi\u00f9 fredda che c\u2019\u00e8, che ho voluto estrarre dal disco e mettere in risalto perch\u00e8 permette di ascoltare sfumature della mia voce molto particolari e a cui tengo molto. Stiamo quindi lavorando sul lato promozione. Verso l&#8217;estate conto di mostrare i frutti di questa nuova avventura londinese!\u201d<\/em><\/p>\n<p>&nbsp;<\/p>\n<p><strong>Guarda il video:\u00a0\u00a0<\/strong><\/p>\n<p><iframe loading=\"lazy\" title=\"BIANCA - L&#039; Alba Pi\u00f9 Fredda Che C&#039;\u00e8 (OFFICIAL LYRICS VIDEO)\" width=\"500\" height=\"281\" src=\"https:\/\/www.youtube.com\/embed\/4MF1Gi7Syy8?feature=oembed\" frameborder=\"0\" allow=\"accelerometer; autoplay; clipboard-write; encrypted-media; gyroscope; picture-in-picture; web-share\" referrerpolicy=\"strict-origin-when-cross-origin\" allowfullscreen><\/iframe><\/p>\n<p><strong>Leggi anche:<\/strong><\/p>\n<blockquote class=\"wp-embedded-content\" data-secret=\"4gbvtJAllc\"><p><a href=\"https:\/\/mediavoxmagazine.it\/?p=196\">L\u2019ALBA PIU\u2019 FREDDA CHE C\u2019E\u2019<\/a><\/p><\/blockquote>\n<p><iframe loading=\"lazy\" class=\"wp-embedded-content\" sandbox=\"allow-scripts\" security=\"restricted\" style=\"position: absolute; clip: rect(1px, 1px, 1px, 1px);\" title=\"&#8220;L\u2019ALBA PIU\u2019 FREDDA CHE C\u2019E\u2019&#8221; &#8212; Mediavox Magazine\" src=\"https:\/\/mediavoxmagazine.it\/?p=196&#038;embed=true#?secret=ItoAO3k5Hm#?secret=4gbvtJAllc\" data-secret=\"4gbvtJAllc\" width=\"500\" height=\"282\" frameborder=\"0\" marginwidth=\"0\" marginheight=\"0\" scrolling=\"no\"><\/iframe><\/p>\n","protected":false},"excerpt":{"rendered":"<div class=\"mh-excerpt\"><p>Occhi grandi ed un sorriso coinvolgente. Bellezza mediterranea e una voce irresistibile. La sua soul \u00e8 blues e il suo nome \u00e8 Bianca. Artista italiana, <a class=\"mh-excerpt-more\" href=\"https:\/\/mediavoxmagazine.it\/?p=572\" title=\"BIANCA\">[&#8230;]<\/a><\/p>\n<\/div>","protected":false},"author":3,"featured_media":574,"comment_status":"closed","ping_status":"closed","sticky":false,"template":"","format":"standard","meta":{"footnotes":""},"categories":[5],"tags":[188,25,24,19,136,85,27,42,26,54,187,23,57,81,30],"class_list":["post-572","post","type-post","status-publish","format-standard","has-post-thumbnail","hentry","category-musica","tag-alba","tag-album","tag-armonica","tag-art","tag-arte-contemporanea","tag-bianca","tag-blues","tag-canzoni","tag-disco","tag-evento","tag-muisca","tag-musica","tag-rassegna","tag-sanremo","tag-scrittura"],"_links":{"self":[{"href":"https:\/\/mediavoxmagazine.it\/index.php?rest_route=\/wp\/v2\/posts\/572","targetHints":{"allow":["GET"]}}],"collection":[{"href":"https:\/\/mediavoxmagazine.it\/index.php?rest_route=\/wp\/v2\/posts"}],"about":[{"href":"https:\/\/mediavoxmagazine.it\/index.php?rest_route=\/wp\/v2\/types\/post"}],"author":[{"embeddable":true,"href":"https:\/\/mediavoxmagazine.it\/index.php?rest_route=\/wp\/v2\/users\/3"}],"replies":[{"embeddable":true,"href":"https:\/\/mediavoxmagazine.it\/index.php?rest_route=%2Fwp%2Fv2%2Fcomments&post=572"}],"version-history":[{"count":3,"href":"https:\/\/mediavoxmagazine.it\/index.php?rest_route=\/wp\/v2\/posts\/572\/revisions"}],"predecessor-version":[{"id":577,"href":"https:\/\/mediavoxmagazine.it\/index.php?rest_route=\/wp\/v2\/posts\/572\/revisions\/577"}],"wp:featuredmedia":[{"embeddable":true,"href":"https:\/\/mediavoxmagazine.it\/index.php?rest_route=\/wp\/v2\/media\/574"}],"wp:attachment":[{"href":"https:\/\/mediavoxmagazine.it\/index.php?rest_route=%2Fwp%2Fv2%2Fmedia&parent=572"}],"wp:term":[{"taxonomy":"category","embeddable":true,"href":"https:\/\/mediavoxmagazine.it\/index.php?rest_route=%2Fwp%2Fv2%2Fcategories&post=572"},{"taxonomy":"post_tag","embeddable":true,"href":"https:\/\/mediavoxmagazine.it\/index.php?rest_route=%2Fwp%2Fv2%2Ftags&post=572"}],"curies":[{"name":"wp","href":"https:\/\/api.w.org\/{rel}","templated":true}]}}