{"id":5878,"date":"2018-02-06T18:49:36","date_gmt":"2018-02-06T17:49:36","guid":{"rendered":"https:\/\/mediavoxmagazine.it\/?p=5878"},"modified":"2018-02-06T23:47:47","modified_gmt":"2018-02-06T22:47:47","slug":"tappeto-rosso-e-sanremo-bellezza","status":"publish","type":"post","link":"https:\/\/mediavoxmagazine.it\/?p=5878","title":{"rendered":"Tappeto rosso: \u00e8 Sanremo, bellezza!"},"content":{"rendered":"<p><img loading=\"lazy\" decoding=\"async\" class=\" wp-image-5883 alignright\" src=\"https:\/\/mediavoxmagazine.it\/wp-content\/uploads\/2018\/02\/1ddd.jpg\" alt=\"\" width=\"335\" height=\"223\" srcset=\"https:\/\/mediavoxmagazine.it\/wp-content\/uploads\/2018\/02\/1ddd.jpg 1024w, https:\/\/mediavoxmagazine.it\/wp-content\/uploads\/2018\/02\/1ddd-300x200.jpg 300w, https:\/\/mediavoxmagazine.it\/wp-content\/uploads\/2018\/02\/1ddd-768x512.jpg 768w\" sizes=\"auto, (max-width: 335px) 100vw, 335px\" \/>Inizia la settimana sanremese con il primo <strong>Red Carpet<\/strong> del luned\u00ec meno luned\u00ec di\u00a0sempre. Un luned\u00ec glamour. Che non \u00e8 n\u00e8 un luned\u00ec nero, n\u00e8 un blue monday. Perch\u00e8 il luned\u00ec di Sanremo \u00e8 scintillante.<\/p>\n<p>E&#8217; Sanremo, bellezza!<\/p>\n<p>Cantanti in passerella. Cantanti alla moda, cantanti volutamente fuori moda. Cantanti per tutti\u00a0i gusti. Del resto, febbraio \u00e8 anche il mese di Carnevale!<\/p>\n<p><img loading=\"lazy\" decoding=\"async\" class=\"wp-image-5884 alignleft\" src=\"https:\/\/mediavoxmagazine.it\/wp-content\/uploads\/2018\/02\/1gg.jpg\" alt=\"\" width=\"369\" height=\"246\" srcset=\"https:\/\/mediavoxmagazine.it\/wp-content\/uploads\/2018\/02\/1gg.jpg 1024w, https:\/\/mediavoxmagazine.it\/wp-content\/uploads\/2018\/02\/1gg-300x200.jpg 300w, https:\/\/mediavoxmagazine.it\/wp-content\/uploads\/2018\/02\/1gg-768x512.jpg 768w\" sizes=\"auto, (max-width: 369px) 100vw, 369px\" \/>Cantanti in mezzo alla gente. Freddo non ti temo: bambini, anziani&#8230; nessuno rinuncia a strizzare l&#8217;occhio al proprio beniamino. Stringere la mano agli ospiti \u00e8 un&#8217;impresa quasi impossibile, tra la folla immensa di fans. Ma gli Artisti non si risparmiano: sorrisi, cuori, baci. Del resto, febbraio\u00a0\u00e8 anche il mese dell&#8217;amore e di San Valentino!<\/p>\n<p>Canzone dopo canzone, si sfila a suon di note. La sfilata che precede la sfida. Aspettiamo stasera un nuovo red carpet. Per cinque sere, ascoltiamo\u00a0e commentiamo. Del resto, febbraio \u00e8 sicuramente il mese del Festival di Sanremo!<\/p>\n<p>&nbsp;<\/p>\n<blockquote>\n<p style=\"text-align: right;\"><em>Guarda il foto-racconto completo su <a href=\"https:\/\/www.facebook.com\/mediavoxmagazine\/\">MediaVox Magazine<\/a> del Red Carpet,<\/em><\/p>\n<p style=\"text-align: right;\"><em>a cura di Carlo Pane della\u00a0<a href=\"https:\/\/www.facebook.com\/ProAudio-Srl-Foto-Video-1615679945331452\/\">ProAudio Srl Foto Video<\/a> &#8211;&gt; clicca <\/em><a href=\"https:\/\/www.facebook.com\/pg\/mediavoxmagazine\/photos\/?tab=album&amp;album_id=1292404817569785\"><strong>QUI\u00a0<\/strong><\/a><\/p>\n<\/blockquote>\n","protected":false},"excerpt":{"rendered":"<div class=\"mh-excerpt\"><p>Inizia la settimana sanremese con il primo Red Carpet del luned\u00ec meno luned\u00ec di\u00a0sempre. Un luned\u00ec glamour. Che non \u00e8 n\u00e8 un luned\u00ec nero, n\u00e8 <a class=\"mh-excerpt-more\" href=\"https:\/\/mediavoxmagazine.it\/?p=5878\" title=\"Tappeto rosso: \u00e8 Sanremo, bellezza!\">[&#8230;]<\/a><\/p>\n<\/div>","protected":false},"author":3,"featured_media":5879,"comment_status":"closed","ping_status":"closed","sticky":true,"template":"","format":"standard","meta":{"footnotes":""},"categories":[244],"tags":[],"class_list":["post-5878","post","type-post","status-publish","format-standard","has-post-thumbnail","hentry","category-speciale-sanremo"],"_links":{"self":[{"href":"https:\/\/mediavoxmagazine.it\/index.php?rest_route=\/wp\/v2\/posts\/5878","targetHints":{"allow":["GET"]}}],"collection":[{"href":"https:\/\/mediavoxmagazine.it\/index.php?rest_route=\/wp\/v2\/posts"}],"about":[{"href":"https:\/\/mediavoxmagazine.it\/index.php?rest_route=\/wp\/v2\/types\/post"}],"author":[{"embeddable":true,"href":"https:\/\/mediavoxmagazine.it\/index.php?rest_route=\/wp\/v2\/users\/3"}],"replies":[{"embeddable":true,"href":"https:\/\/mediavoxmagazine.it\/index.php?rest_route=%2Fwp%2Fv2%2Fcomments&post=5878"}],"version-history":[{"count":7,"href":"https:\/\/mediavoxmagazine.it\/index.php?rest_route=\/wp\/v2\/posts\/5878\/revisions"}],"predecessor-version":[{"id":5891,"href":"https:\/\/mediavoxmagazine.it\/index.php?rest_route=\/wp\/v2\/posts\/5878\/revisions\/5891"}],"wp:featuredmedia":[{"embeddable":true,"href":"https:\/\/mediavoxmagazine.it\/index.php?rest_route=\/wp\/v2\/media\/5879"}],"wp:attachment":[{"href":"https:\/\/mediavoxmagazine.it\/index.php?rest_route=%2Fwp%2Fv2%2Fmedia&parent=5878"}],"wp:term":[{"taxonomy":"category","embeddable":true,"href":"https:\/\/mediavoxmagazine.it\/index.php?rest_route=%2Fwp%2Fv2%2Fcategories&post=5878"},{"taxonomy":"post_tag","embeddable":true,"href":"https:\/\/mediavoxmagazine.it\/index.php?rest_route=%2Fwp%2Fv2%2Ftags&post=5878"}],"curies":[{"name":"wp","href":"https:\/\/api.w.org\/{rel}","templated":true}]}}