{"id":771,"date":"2016-02-03T19:42:22","date_gmt":"2016-02-03T19:42:22","guid":{"rendered":"https:\/\/mediavoxmagazine.it\/?p=771"},"modified":"2016-02-03T19:42:22","modified_gmt":"2016-02-03T19:42:22","slug":"largo-allarte-rassegna-darte-contemporanea-14","status":"publish","type":"post","link":"https:\/\/mediavoxmagazine.it\/?p=771","title":{"rendered":"\u201cLARGO\u2026 ALL\u2019ARTE!\u201d: RASSEGNA D\u2019ARTE CONTEMPORANEA"},"content":{"rendered":"<blockquote>\n<p style=\"text-align: left\"><em><img loading=\"lazy\" decoding=\"async\" class=\"aligncenter wp-image-772 size-full\" src=\"https:\/\/mediavoxmagazine.it\/wp-content\/uploads\/2016\/02\/7.jpg\" alt=\"\" width=\"3621\" height=\"5120\" srcset=\"https:\/\/mediavoxmagazine.it\/wp-content\/uploads\/2016\/02\/7.jpg 3621w, https:\/\/mediavoxmagazine.it\/wp-content\/uploads\/2016\/02\/7-212x300.jpg 212w, https:\/\/mediavoxmagazine.it\/wp-content\/uploads\/2016\/02\/7-768x1086.jpg 768w, https:\/\/mediavoxmagazine.it\/wp-content\/uploads\/2016\/02\/7-724x1024.jpg 724w\" sizes=\"auto, (max-width: 3621px) 100vw, 3621px\" \/><\/em><\/p>\n<p style=\"text-align: left\"><em>Opera di Carmine Di Leva: immagine tratta dal Catalogo delle opere esposte durante la Rassegna \u201cLargo\u2026 all\u2019Arte\u201d \u2013 Salerno, Palazzo Genovese, 12\/17 gennaio 2016.<\/em><\/p>\n<p style=\"text-align: right\"><strong><em>ARTISTA: \u00a0CARMINE\u00a0DI LEVA<\/em><\/strong><\/p>\n<p style=\"text-align: right\"><strong><em>DESCRIZIONE DELL&#8217;OPERA: Colori caldi a raffigurare una confortevole situazione domestica quale contesto di un atto quotidiano di lavaggio teso a ripristinare la purezza, rappresentata anche dal candore della veste.<\/em><\/strong><\/p>\n<\/blockquote>\n<p>&nbsp;<\/p>\n<p>&nbsp;<\/p>\n<p><strong>UNA CHIACCHIERATA CON CARMINE&#8230;<\/strong><\/p>\n<p><strong>Colori intensi ed un\u2019immagine pulita. Qual \u00e8 il messaggio pi\u00f9 profondo della sua opera?<\/strong><\/p>\n<p>\u201cHo voluto intitolare quest\u2019opera \u2018Pensieri raccolti\u2019 in quanto ritrae una donna in un momento particolare della sua quotidianit\u00e0 in cui, nel compiere un banale atto giornaliero, si sofferma a pensare ai suoi impegni, al da farsi per il giorno successivo.\u201d<\/p>\n<p><strong>Nella raffigurazione di questo spazio di relax e concentrazione, quali sono le soluzioni tecniche che ha preferito?<\/strong><\/p>\n<p>\u201cHo scelto di impiegare una tecnica vagamente impressionista tramite pennellate un po\u2019 casuali, ma decise. Si tratta di una tecnica che mi \u00e8 estremamente familiare in quanto vi ricorro abitualmente, avendola ereditata da mio padre, le cui abilit\u00e0 artistiche ho da sempre ammirato. Si pu\u00f2 dire che questa tecnica sia nel mio corredo genetico!\u201d<\/p>\n","protected":false},"excerpt":{"rendered":"<div class=\"mh-excerpt\"><p>Opera di Carmine Di Leva: immagine tratta dal Catalogo delle opere esposte durante la Rassegna \u201cLargo\u2026 all\u2019Arte\u201d \u2013 Salerno, Palazzo Genovese, 12\/17 gennaio 2016. ARTISTA: <a class=\"mh-excerpt-more\" href=\"https:\/\/mediavoxmagazine.it\/?p=771\" title=\"\u201cLARGO\u2026 ALL\u2019ARTE!\u201d: RASSEGNA D\u2019ARTE CONTEMPORANEA\">[&#8230;]<\/a><\/p>\n<\/div>","protected":false},"author":9,"featured_media":523,"comment_status":"closed","ping_status":"closed","sticky":false,"template":"","format":"standard","meta":{"footnotes":""},"categories":[199],"tags":[25,19,18,136,55,31,132,134,56,23,59],"class_list":["post-771","post","type-post","status-publish","format-standard","has-post-thumbnail","hentry","category-largo-allarte","tag-album","tag-art","tag-arte","tag-arte-contemporanea","tag-collettiva","tag-cultura","tag-largo-allarte","tag-luci-dartista","tag-mostra","tag-musica","tag-vernissage"],"_links":{"self":[{"href":"https:\/\/mediavoxmagazine.it\/index.php?rest_route=\/wp\/v2\/posts\/771","targetHints":{"allow":["GET"]}}],"collection":[{"href":"https:\/\/mediavoxmagazine.it\/index.php?rest_route=\/wp\/v2\/posts"}],"about":[{"href":"https:\/\/mediavoxmagazine.it\/index.php?rest_route=\/wp\/v2\/types\/post"}],"author":[{"embeddable":true,"href":"https:\/\/mediavoxmagazine.it\/index.php?rest_route=\/wp\/v2\/users\/9"}],"replies":[{"embeddable":true,"href":"https:\/\/mediavoxmagazine.it\/index.php?rest_route=%2Fwp%2Fv2%2Fcomments&post=771"}],"version-history":[{"count":1,"href":"https:\/\/mediavoxmagazine.it\/index.php?rest_route=\/wp\/v2\/posts\/771\/revisions"}],"predecessor-version":[{"id":773,"href":"https:\/\/mediavoxmagazine.it\/index.php?rest_route=\/wp\/v2\/posts\/771\/revisions\/773"}],"wp:featuredmedia":[{"embeddable":true,"href":"https:\/\/mediavoxmagazine.it\/index.php?rest_route=\/wp\/v2\/media\/523"}],"wp:attachment":[{"href":"https:\/\/mediavoxmagazine.it\/index.php?rest_route=%2Fwp%2Fv2%2Fmedia&parent=771"}],"wp:term":[{"taxonomy":"category","embeddable":true,"href":"https:\/\/mediavoxmagazine.it\/index.php?rest_route=%2Fwp%2Fv2%2Fcategories&post=771"},{"taxonomy":"post_tag","embeddable":true,"href":"https:\/\/mediavoxmagazine.it\/index.php?rest_route=%2Fwp%2Fv2%2Ftags&post=771"}],"curies":[{"name":"wp","href":"https:\/\/api.w.org\/{rel}","templated":true}]}}