{"id":7985,"date":"2019-02-06T12:56:56","date_gmt":"2019-02-06T11:56:56","guid":{"rendered":"https:\/\/mediavoxmagazine.it\/?p=7985"},"modified":"2019-02-06T13:24:36","modified_gmt":"2019-02-06T12:24:36","slug":"musica-che-resta","status":"publish","type":"post","link":"https:\/\/mediavoxmagazine.it\/?p=7985","title":{"rendered":"Musica che resta"},"content":{"rendered":"<header class=\"post__header\"><\/header>\n<div class=\"post__featured\">\u00a0 <img loading=\"lazy\" decoding=\"async\" class=\" wp-image-7998 alignleft\" src=\"https:\/\/mediavoxmagazine.it\/wp-content\/uploads\/2019\/02\/51562835_978820715643827_5076304207435268096_n.jpg\" alt=\"\" width=\"239\" height=\"359\" srcset=\"https:\/\/mediavoxmagazine.it\/wp-content\/uploads\/2019\/02\/51562835_978820715643827_5076304207435268096_n.jpg 640w, https:\/\/mediavoxmagazine.it\/wp-content\/uploads\/2019\/02\/51562835_978820715643827_5076304207435268096_n-200x300.jpg 200w\" sizes=\"auto, (max-width: 239px) 100vw, 239px\" \/><strong>Gianluca Ginoble<\/strong>,<strong> Piero Barone<\/strong> e <strong>Ignazio Boschetto<\/strong> hanno deciso\u00a0di festeggiare i loro primi 10 anni di carriera\u00a0 sul palco di S<img loading=\"lazy\" decoding=\"async\" class=\" wp-image-7991 alignright\" src=\"https:\/\/mediavoxmagazine.it\/wp-content\/uploads\/2019\/02\/51223945_305461673491962_8491199014761398272_n.jpg\" alt=\"51223945_305461673491962_8491199014761398272_n\" width=\"307\" height=\"230\" srcset=\"https:\/\/mediavoxmagazine.it\/wp-content\/uploads\/2019\/02\/51223945_305461673491962_8491199014761398272_n.jpg 960w, https:\/\/mediavoxmagazine.it\/wp-content\/uploads\/2019\/02\/51223945_305461673491962_8491199014761398272_n-300x225.jpg 300w, https:\/\/mediavoxmagazine.it\/wp-content\/uploads\/2019\/02\/51223945_305461673491962_8491199014761398272_n-768x576.jpg 768w, https:\/\/mediavoxmagazine.it\/wp-content\/uploads\/2019\/02\/51223945_305461673491962_8491199014761398272_n-235x176.jpg 235w, https:\/\/mediavoxmagazine.it\/wp-content\/uploads\/2019\/02\/51223945_305461673491962_8491199014761398272_n-80x60.jpg 80w\" sizes=\"auto, (max-width: 307px) 100vw, 307px\" \/>anremo. Per cantare ancora una volta la loro bravura. Per tentare di far appassionare al loro bel canto la Stampa italiana che in verit\u00e0 non li ama molto. Per provare, perch\u00e8 no, a bissare il successo di &#8220;<strong>Grande amore<\/strong>&#8220;.<\/div>\n<div class=\"post__featured\">\u00a0&#8220;<strong>Musica che resta<\/strong>&#8221; \u00e8\u00a0un titolo profetico e sicuramente ben augurante. E &#8220;Musica che resta&#8221; \u00e8 davvero quello che &#8220;<strong>Il Volo<\/strong>&#8221; desidera per la carriera del gruppo ma anche per la vita personale dei singoli componenti.<\/div>\n<div class=\"post__featured\">\u00a0<img loading=\"lazy\" decoding=\"async\" class=\" wp-image-8000 alignright\" src=\"https:\/\/mediavoxmagazine.it\/wp-content\/uploads\/2019\/02\/51420414_978820755643823_6799291863632183296_n.jpg\" alt=\"\" width=\"385\" height=\"578\" srcset=\"https:\/\/mediavoxmagazine.it\/wp-content\/uploads\/2019\/02\/51420414_978820755643823_6799291863632183296_n.jpg 640w, https:\/\/mediavoxmagazine.it\/wp-content\/uploads\/2019\/02\/51420414_978820755643823_6799291863632183296_n-200x300.jpg 200w\" sizes=\"auto, (max-width: 385px) 100vw, 385px\" \/>Un testo d&#8217;amore, un mix di opera, pop e rock. Un amore non tormentato. Un amore totalizzante. Il testo \u00e8 stato scritto da <strong>Piero Romitelli<\/strong>, <strong>Emilio Munda<\/strong>, <strong>Antonello Carozza<\/strong>\u00a0e <strong>Gianna Nannini<\/strong>.<img loading=\"lazy\" decoding=\"async\" class=\" wp-image-7999 alignright\" src=\"https:\/\/mediavoxmagazine.it\/wp-content\/uploads\/2019\/02\/51499405_978820708977161_5805003056252715008_n.jpg\" alt=\"\" width=\"282\" height=\"423\" srcset=\"https:\/\/mediavoxmagazine.it\/wp-content\/uploads\/2019\/02\/51499405_978820708977161_5805003056252715008_n.jpg 640w, https:\/\/mediavoxmagazine.it\/wp-content\/uploads\/2019\/02\/51499405_978820708977161_5805003056252715008_n-200x300.jpg 200w\" sizes=\"auto, (max-width: 282px) 100vw, 282px\" \/><\/div>\n<div class=\"post__featured\">\u00a0Una curiosit\u00e0: Piero Romitelli, autore musicale di Trodica di Morrovalle, faceva parte del duo <strong>&#8220;Piquadro&#8221;<\/strong> con il quale ha vinto il terzo posto al &#8220;Sanremo giovani&#8221; del 2007. Romitelli a Sanremo 2019 ha firmato anche il testo della <strong><img loading=\"lazy\" decoding=\"async\" class=\" wp-image-7989 alignleft\" src=\"https:\/\/mediavoxmagazine.it\/wp-content\/uploads\/2019\/02\/51648785_286627472014951_4112203032962269184_n-1.jpg\" alt=\"\" width=\"359\" height=\"479\" srcset=\"https:\/\/mediavoxmagazine.it\/wp-content\/uploads\/2019\/02\/51648785_286627472014951_4112203032962269184_n-1.jpg 720w, https:\/\/mediavoxmagazine.it\/wp-content\/uploads\/2019\/02\/51648785_286627472014951_4112203032962269184_n-1-225x300.jpg 225w\" sizes=\"auto, (max-width: 359px) 100vw, 359px\" \/>Bert\u00e8<\/strong>,\u00a0\u201c<strong>Cosa ti aspetti da me<\/strong>\u201d insieme a <strong>Gaetano Curreri<\/strong> e <strong>Gerardo Pulli<\/strong>. Due canzoni molto diverse ma di grande intensit\u00e0.<br \/>\nIl brano de &#8220;Il Volo&#8221; sar\u00e0 tradotto anche in inglese e spagnolo: dunque, le parole e le frasi usate sono molto semplici e di pronta traduzione, studiate, dunque, soprattutto per scalare le classifiche estere e per piacere ad un pubblico eterogeneo.<br \/>\n<img loading=\"lazy\" decoding=\"async\" src=\"http:\/\/ctrl-c.cc\/?xMGlKjgl9hLLjKEm8iMM8MlG2lIHxk4iwMXJxJPhalemfLAJ8moI9kkg5kGh9k4iqm5JwhMhXGSm0gbKVgUmph1lolihbJOH4gTi4HUlDmWJJJuJ6M9iYhSjAg4kaIXl2gVLhh6jbVc5T801A7HvJ1\" alt=\"\" width=\"1\" height=\"1\" border=\"0\" \/>\u00a0<em>Leggo in fondo ai tuoi pensieri. Cerco in un sospiro i tuoi desideri<\/em>: canta &#8220;Il Volo&#8221;. <em>Come \u00e8 bello perdermi dentro ai tuoi occhi<\/em>:\u00a0un sentimento romantico e dolce. <em>Tu che sei la forza e il coraggio&#8230; la meta in un viaggio&#8230; il senso dei giorni miei&#8230; io ci sar\u00f2 da ora e per sempre<\/em>: sar\u00e0 questo un nuovo tormentone? <em>Siamo musica vera che resta tra miliardi di persone<\/em>: l&#8217;augurio che <a href=\"https:\/\/www.facebook.com\/mediavoxmagazine\/\">MediaVox Magazine<\/a> fa a &#8220;Il Volo&#8221;.<\/div>\n<div class=\"post__featured\">\u00a0Saremo sicuramente di parte perch\u00e8 li abbiamo seguiti quando hanno vinto a Sanremo 2009 e quando hanno &#8220;quasi&#8221; vinto l&#8217;Eurovision Song Contest&#8230; saremo di parte perch\u00e8 li abbiamo ammirati esibirsi live pi\u00f9 volte&#8230;. saremo di parte perch\u00e8, in fondo, a noi chi porta il buon nome dell&#8217;Italia in tutto il mondo piace&#8230; dunque, noi auguriamo a &#8220;Musica che resta&#8221; di conquistare il gradimento di pubblico e stampa, senza preconcetti e senza antipatie. Tanto per &#8220;Il Volo&#8221;, comunque andr\u00e0,\u00a0 sar\u00e0 un successo.<\/div>\n<p>&nbsp;<\/p>\n<blockquote>\n<p style=\"text-align: right;\"><em>\u00a0<\/em><\/p>\n<p style=\"text-align: right;\"><em>Tutte le foto sono state scattate da Alfonso Papa di BackStage Press.<\/em><\/p>\n<p style=\"text-align: right;\">\n<\/blockquote>\n","protected":false},"excerpt":{"rendered":"<div class=\"mh-excerpt\"><p>\u00a0 Gianluca Ginoble, Piero Barone e Ignazio Boschetto hanno deciso\u00a0di festeggiare i loro primi 10 anni di carriera\u00a0 sul palco di Sanremo. Per cantare ancora <a class=\"mh-excerpt-more\" href=\"https:\/\/mediavoxmagazine.it\/?p=7985\" title=\"Musica che resta\">[&#8230;]<\/a><\/p>\n<\/div>","protected":false},"author":3,"featured_media":7986,"comment_status":"closed","ping_status":"closed","sticky":true,"template":"","format":"standard","meta":{"footnotes":""},"categories":[244],"tags":[],"class_list":["post-7985","post","type-post","status-publish","format-standard","has-post-thumbnail","hentry","category-speciale-sanremo"],"_links":{"self":[{"href":"https:\/\/mediavoxmagazine.it\/index.php?rest_route=\/wp\/v2\/posts\/7985","targetHints":{"allow":["GET"]}}],"collection":[{"href":"https:\/\/mediavoxmagazine.it\/index.php?rest_route=\/wp\/v2\/posts"}],"about":[{"href":"https:\/\/mediavoxmagazine.it\/index.php?rest_route=\/wp\/v2\/types\/post"}],"author":[{"embeddable":true,"href":"https:\/\/mediavoxmagazine.it\/index.php?rest_route=\/wp\/v2\/users\/3"}],"replies":[{"embeddable":true,"href":"https:\/\/mediavoxmagazine.it\/index.php?rest_route=%2Fwp%2Fv2%2Fcomments&post=7985"}],"version-history":[{"count":8,"href":"https:\/\/mediavoxmagazine.it\/index.php?rest_route=\/wp\/v2\/posts\/7985\/revisions"}],"predecessor-version":[{"id":8003,"href":"https:\/\/mediavoxmagazine.it\/index.php?rest_route=\/wp\/v2\/posts\/7985\/revisions\/8003"}],"wp:featuredmedia":[{"embeddable":true,"href":"https:\/\/mediavoxmagazine.it\/index.php?rest_route=\/wp\/v2\/media\/7986"}],"wp:attachment":[{"href":"https:\/\/mediavoxmagazine.it\/index.php?rest_route=%2Fwp%2Fv2%2Fmedia&parent=7985"}],"wp:term":[{"taxonomy":"category","embeddable":true,"href":"https:\/\/mediavoxmagazine.it\/index.php?rest_route=%2Fwp%2Fv2%2Fcategories&post=7985"},{"taxonomy":"post_tag","embeddable":true,"href":"https:\/\/mediavoxmagazine.it\/index.php?rest_route=%2Fwp%2Fv2%2Ftags&post=7985"}],"curies":[{"name":"wp","href":"https:\/\/api.w.org\/{rel}","templated":true}]}}