{"id":929,"date":"2016-02-11T11:03:00","date_gmt":"2016-02-11T10:03:00","guid":{"rendered":"https:\/\/mediavoxmagazine.it\/?p=929"},"modified":"2016-02-17T21:53:01","modified_gmt":"2016-02-17T20:53:01","slug":"annalisa-la-dama-bianca-dellariston","status":"publish","type":"post","link":"https:\/\/mediavoxmagazine.it\/?p=929","title":{"rendered":"ANNALISA: LA DAMA BIANCA DELL&#8217;ARISTON"},"content":{"rendered":"<p><img loading=\"lazy\" decoding=\"async\" class=\"wp-image-930 alignleft\" src=\"https:\/\/mediavoxmagazine.it\/wp-content\/uploads\/2016\/02\/annalisa.jpg\" alt=\"annalisa\" width=\"325\" height=\"237\" srcset=\"https:\/\/mediavoxmagazine.it\/wp-content\/uploads\/2016\/02\/annalisa.jpg 311w, https:\/\/mediavoxmagazine.it\/wp-content\/uploads\/2016\/02\/annalisa-300x219.jpg 300w\" sizes=\"auto, (max-width: 325px) 100vw, 325px\" \/><\/p>\n<p><a href=\"#Sanremo2016\">#Sanremo2016<\/a><\/p>\n<p>L&#8217;hanno definita ieri sera la Dama Bianca del Palco dell&#8217;Ariston. Ovviamente per la scelta total white del suo look angelico.<\/p>\n<p>Forse perch\u00e8 la purezza del bianco esalta il rosso-passion dei suoi capelli e la profondit\u00e0 dei suoi occhi: il tutto da cornice ad una voce che convince sempre. Al di l\u00e0 delle canzoni che interpreta, Annalisa piace. E piace anche la voce sempre pi\u00f9 insistente di una sua presunta gravidanza, anche se i &#8220;bene-informati&#8221; dicono che si contenda lo scettro del &#8220;pancino canterino&#8221; con Noemi, DolceNera, Iurato o Arisa&#8230; \u00a0Gossip vincit omnia?<\/p>\n<p>&nbsp;<\/p>\n<p>&nbsp;<\/p>\n<p><em><strong>Il video ufficiale di Il diluvio Universale:<\/strong><\/em><\/p>\n<p><iframe loading=\"lazy\" title=\"Annalisa - Il Diluvio Universale (Official Video) [Sanremo 2016]\" width=\"500\" height=\"281\" src=\"https:\/\/www.youtube.com\/embed\/JxJvlEzNmAU?feature=oembed\" frameborder=\"0\" allow=\"accelerometer; autoplay; clipboard-write; encrypted-media; gyroscope; picture-in-picture; web-share\" referrerpolicy=\"strict-origin-when-cross-origin\" allowfullscreen><\/iframe><\/p>\n<p>&nbsp;<\/p>\n","protected":false},"excerpt":{"rendered":"<div class=\"mh-excerpt\"><p>#Sanremo2016 L&#8217;hanno definita ieri sera la Dama Bianca del Palco dell&#8217;Ariston. Ovviamente per la scelta total white del suo look angelico. Forse perch\u00e8 la purezza <a class=\"mh-excerpt-more\" href=\"https:\/\/mediavoxmagazine.it\/?p=929\" title=\"ANNALISA: LA DAMA BIANCA DELL&#8217;ARISTON\">[&#8230;]<\/a><\/p>\n<\/div>","protected":false},"author":3,"featured_media":955,"comment_status":"closed","ping_status":"closed","sticky":false,"template":"","format":"standard","meta":{"footnotes":""},"categories":[244],"tags":[261,23,81],"class_list":["post-929","post","type-post","status-publish","format-standard","has-post-thumbnail","hentry","category-speciale-sanremo","tag-gossip","tag-musica","tag-sanremo"],"_links":{"self":[{"href":"https:\/\/mediavoxmagazine.it\/index.php?rest_route=\/wp\/v2\/posts\/929","targetHints":{"allow":["GET"]}}],"collection":[{"href":"https:\/\/mediavoxmagazine.it\/index.php?rest_route=\/wp\/v2\/posts"}],"about":[{"href":"https:\/\/mediavoxmagazine.it\/index.php?rest_route=\/wp\/v2\/types\/post"}],"author":[{"embeddable":true,"href":"https:\/\/mediavoxmagazine.it\/index.php?rest_route=\/wp\/v2\/users\/3"}],"replies":[{"embeddable":true,"href":"https:\/\/mediavoxmagazine.it\/index.php?rest_route=%2Fwp%2Fv2%2Fcomments&post=929"}],"version-history":[{"count":7,"href":"https:\/\/mediavoxmagazine.it\/index.php?rest_route=\/wp\/v2\/posts\/929\/revisions"}],"predecessor-version":[{"id":1003,"href":"https:\/\/mediavoxmagazine.it\/index.php?rest_route=\/wp\/v2\/posts\/929\/revisions\/1003"}],"wp:featuredmedia":[{"embeddable":true,"href":"https:\/\/mediavoxmagazine.it\/index.php?rest_route=\/wp\/v2\/media\/955"}],"wp:attachment":[{"href":"https:\/\/mediavoxmagazine.it\/index.php?rest_route=%2Fwp%2Fv2%2Fmedia&parent=929"}],"wp:term":[{"taxonomy":"category","embeddable":true,"href":"https:\/\/mediavoxmagazine.it\/index.php?rest_route=%2Fwp%2Fv2%2Fcategories&post=929"},{"taxonomy":"post_tag","embeddable":true,"href":"https:\/\/mediavoxmagazine.it\/index.php?rest_route=%2Fwp%2Fv2%2Ftags&post=929"}],"curies":[{"name":"wp","href":"https:\/\/api.w.org\/{rel}","templated":true}]}}