{"id":9640,"date":"2020-02-06T08:59:58","date_gmt":"2020-02-06T07:59:58","guid":{"rendered":"https:\/\/mediavoxmagazine.it\/?p=9640"},"modified":"2020-02-06T09:53:46","modified_gmt":"2020-02-06T08:53:46","slug":"achille-lauro-provocazione-o-omaggio","status":"publish","type":"post","link":"https:\/\/mediavoxmagazine.it\/?p=9640","title":{"rendered":"Achille Lauro: provocazione oppure omaggio?"},"content":{"rendered":"<p>Achille Lauro entra sul palco con un mantello nero ed esce con una tutina nude look tutta lustrini.<\/p>\n<p>&#8220;Me ne frego&#8221; della canzone, tutti avranno pensato. Di lui in ogni caso si parla dappertutto, e questo \u00e8 gi\u00e0 un ottimo risultato.<\/p>\n<p>Mettere in mostra il fisico o i tatuaggi sicuramente non \u00e8 il suo intento. Spiazzare gli spettatori?\u00a0 Sul palco di Sanremo nessuno si aspetta uno striptease, del resto!<\/p>\n<p>Ha detto di essersi ispirato a San Francesco che si denuda rifiutando gli averi paterni; intanto, Lauro per denudarsi sceglie un outfit Gucci, creato appositamente per lui dall&#8217;onirico stilista Alessandro Michele&#8230; non certo uno straccetto!<\/p>\n<p>Novit\u00e0 o cover-idea? Se ci pensiamo bene, non converrebbe scomodare i Santi. Del resto, a look molto simili ci hanno gi\u00e0 abituati i grandi Freddy Mercury, Il Duca Bowie e, in tema di canzone italiana, il nostro Renato Zero&#8230;<\/p>\n<p>Per\u00f2, Sanremo \u00e8 Sanremo e osare sul quel palco \u00e8 in ogni caso &#8220;top&#8221;&#8230; il gusto, poi, \u00e8 un&#8217;altra cosa!<\/p>\n<p><img loading=\"lazy\" decoding=\"async\" class=\"size-full wp-image-9645 aligncenter\" src=\"https:\/\/mediavoxmagazine.it\/wp-content\/uploads\/2020\/02\/inbound2480944865392670353.jpg\" alt=\"inbound2480944865392670353\" width=\"1120\" height=\"1484\" srcset=\"https:\/\/mediavoxmagazine.it\/wp-content\/uploads\/2020\/02\/inbound2480944865392670353.jpg 1120w, https:\/\/mediavoxmagazine.it\/wp-content\/uploads\/2020\/02\/inbound2480944865392670353-226x300.jpg 226w, https:\/\/mediavoxmagazine.it\/wp-content\/uploads\/2020\/02\/inbound2480944865392670353-768x1018.jpg 768w, https:\/\/mediavoxmagazine.it\/wp-content\/uploads\/2020\/02\/inbound2480944865392670353-773x1024.jpg 773w\" sizes=\"auto, (max-width: 1120px) 100vw, 1120px\" \/><\/p>\n<p>Foto di Backstage Press<\/p>\n","protected":false},"excerpt":{"rendered":"<div class=\"mh-excerpt\"><p>Achille Lauro entra sul palco con un mantello nero ed esce con una tutina nude look tutta lustrini. &#8220;Me ne frego&#8221; della canzone, tutti avranno <a class=\"mh-excerpt-more\" href=\"https:\/\/mediavoxmagazine.it\/?p=9640\" title=\"Achille Lauro: provocazione oppure omaggio?\">[&#8230;]<\/a><\/p>\n<\/div>","protected":false},"author":3,"featured_media":9647,"comment_status":"closed","ping_status":"closed","sticky":true,"template":"","format":"standard","meta":{"footnotes":""},"categories":[244],"tags":[],"class_list":["post-9640","post","type-post","status-publish","format-standard","has-post-thumbnail","hentry","category-speciale-sanremo"],"_links":{"self":[{"href":"https:\/\/mediavoxmagazine.it\/index.php?rest_route=\/wp\/v2\/posts\/9640","targetHints":{"allow":["GET"]}}],"collection":[{"href":"https:\/\/mediavoxmagazine.it\/index.php?rest_route=\/wp\/v2\/posts"}],"about":[{"href":"https:\/\/mediavoxmagazine.it\/index.php?rest_route=\/wp\/v2\/types\/post"}],"author":[{"embeddable":true,"href":"https:\/\/mediavoxmagazine.it\/index.php?rest_route=\/wp\/v2\/users\/3"}],"replies":[{"embeddable":true,"href":"https:\/\/mediavoxmagazine.it\/index.php?rest_route=%2Fwp%2Fv2%2Fcomments&post=9640"}],"version-history":[{"count":7,"href":"https:\/\/mediavoxmagazine.it\/index.php?rest_route=\/wp\/v2\/posts\/9640\/revisions"}],"predecessor-version":[{"id":9652,"href":"https:\/\/mediavoxmagazine.it\/index.php?rest_route=\/wp\/v2\/posts\/9640\/revisions\/9652"}],"wp:featuredmedia":[{"embeddable":true,"href":"https:\/\/mediavoxmagazine.it\/index.php?rest_route=\/wp\/v2\/media\/9647"}],"wp:attachment":[{"href":"https:\/\/mediavoxmagazine.it\/index.php?rest_route=%2Fwp%2Fv2%2Fmedia&parent=9640"}],"wp:term":[{"taxonomy":"category","embeddable":true,"href":"https:\/\/mediavoxmagazine.it\/index.php?rest_route=%2Fwp%2Fv2%2Fcategories&post=9640"},{"taxonomy":"post_tag","embeddable":true,"href":"https:\/\/mediavoxmagazine.it\/index.php?rest_route=%2Fwp%2Fv2%2Ftags&post=9640"}],"curies":[{"name":"wp","href":"https:\/\/api.w.org\/{rel}","templated":true}]}}